{"id":289313,"date":"2021-05-26T10:43:13","date_gmt":"2021-05-26T08:43:13","guid":{"rendered":"https:\/\/cinema.video\/?p=289313"},"modified":"2026-04-10T03:53:50","modified_gmt":"2026-04-10T01:53:50","slug":"ferrania-il-borgo-ligure-dove-nascevano-le-pellicole","status":"publish","type":"post","link":"https:\/\/cinema.video\/it\/ferrania-il-borgo-ligure-dove-nascevano-le-pellicole","title":{"rendered":"FERRANIA Il borgo ligure dove nascevano le pellicole"},"content":{"rendered":"\n<p class=\"wp-block-paragraph\">Verr\u00e0 presentato il prossimo 10 giugno al <strong>Biografilm Festival di Bologna<\/strong> <strong>&#8220;Fantasmi a Ferrania&#8221;<\/strong>&nbsp;il documentario del savonese&nbsp;<strong>Diego Scarponi<\/strong>&nbsp;che ripercorre le vicende&nbsp;della<strong>&nbsp;<em>Ferrania<\/em><\/strong> la&nbsp;fabbrica delle pellicole<strong>&nbsp;<\/strong>impiantata in un piccolo borgo dell\u2019entroterra ligure nel 1921 quando la precedente produzione di esplosivi destinati principalmente a soddisfare i fabbisogni dello Zar venne travolta dagli eventi storici della Rivoluzione d\u2019ottobre e riconvertita in quella di pellicole per il cinematografo, che poi sarebbero state utilizzate da Pasolini, Rossellini, Fellini, Lattuada<strong>&nbsp;<\/strong>e da molti altri autori che hanno fatto grande il cinema italiano tra gli anni \u201830 e gli anni \u201860: &nbsp;<\/p>\n\n\n\n<p class=\"wp-block-paragraph\">Prodotto dalla bolognese&nbsp;<strong>Kin\u00e8 Societ\u00e0 Cooperativa&nbsp;<\/strong>in associazione con gargagn\u00e0nfilm e in collaborazione con Ferrania Film Museum, Home Movies &#8211; Archivio Nazionale del Film di Famiglia, Laboratorio Audiovisivi Buster Keaton Universit\u00e0 di Genova, Associazione Culturale Geronimo Carbon\u00f2, &#8220;il film nasce come sviluppo di un&nbsp;lavoro  di raccolta testimonianze chiamato \u201cFerrania a memoria\u201d, realizzato dal Scarponi, con gli studenti del Laboratorio Buster Keaton dell\u2019universit\u00e0 di Genova, Campus di Savona&#8221;. Racconta il produttore, <strong>Claudio Giapponesi<\/strong>.<br>E porta con s\u00e9 un progetto pi\u00f9 ampio, che prevede &#8220;la creazione di un archivio di cinema amatoriale sul territorio di Ferrania, la digitalizzazione di parte dell\u2019archivio di fabbrica, percorsi di formazione nelle scuole del territorio e un complessivo lavoro di ricerca e attenzione intorno alla storia industriale e sociale di Ferrania\u201d&nbsp;<\/p>\n\n\n\n<p class=\"wp-block-paragraph\">\u201cRaccontare Ferrania \u00e8 un modo per raccontare un territorio, \u00e8 un modo per descrivere un secolo, il &#8216;900, ed&nbsp;\u00e8 anche il tentativo di rappresentare un processo, quello industriale, che in Val Bormida &#8211; affiancando e sostituendo il lavoro agricolo &#8211; ha garantito lavoro e benessere, s\u00ec, ma a costi altissimi per l&#8217;ambiente e la salute dei suoi abitanti. Fatalmente, con la chiusura della maggior parte degli impianti industriali della vallata, si \u00e8 generato un enorme vuoto che oggi pervade questo territorio<em>\u201d&nbsp;<\/em>racconta&nbsp;Scarponi, che da tempo si occupa, nei suoi lavori, di ritrovare le tracce della presenza industriale in ambito urbano<\/p>\n","protected":false},"excerpt":{"rendered":"<p>Verr\u00e0 presentato il prossimo 10 giugno al Biografilm Festival di Bologna &#8220;Fantasmi a Ferrania&#8221; il documentario che racconta della fabbrica delle pellicole del grande cinema italiano. Diretto da Diego Scarponi e prodotto da  Kin\u00e8 Societ\u00e0 Cooperativa<\/p>\n","protected":false},"author":26,"featured_media":289387,"comment_status":"closed","ping_status":"closed","sticky":false,"template":"","format":"standard","meta":{"googlesitekit_rrm_CAow3e7fCw:productID":"","_wpcom_ai_launchpad_first_post":false,"footnotes":"","jetpack_post_was_ever_published":false},"categories":[1],"tags":[2322],"class_list":["post-289313","post","type-post","status-publish","format-standard","has-post-thumbnail","category-senza-categoria","tag-documentary"],"yoast_head":"<!-- This site is optimized with the Yoast SEO Premium plugin v28.3 (Yoast SEO v28.3) - https:\/\/yoast.com\/product\/yoast-seo-premium-wordpress\/ -->\n<title>FERRANIA Il borgo ligure dove nascevano le pellicole - Cinema &amp; Video International<\/title>\n<meta name=\"description\" content=\"FERRANIA Il borgo ligure dove nascevano le pellicole \u2013 ferrania il borgo ligure dove nascevano. Verr\u00e0 presentato il prossimo 10 giugno al Biografilm Festi\" \/>\n<meta name=\"robots\" content=\"index, follow, max-snippet:-1, max-image-preview:large, max-video-preview:-1\" \/>\n<link rel=\"canonical\" href=\"https:\/\/cinema.video\/it\/ferrania-il-borgo-ligure-dove-nascevano-le-pellicole\" \/>\n<meta property=\"og:locale\" content=\"it_IT\" \/>\n<meta property=\"og:type\" content=\"article\" \/>\n<meta property=\"og:title\" content=\"FERRANIA Il borgo ligure dove nascevano le pellicole\" \/>\n<meta property=\"og:description\" content=\"FERRANIA Il borgo ligure dove nascevano le pellicole \u2013 ferrania il borgo ligure dove nascevano. Verr\u00e0 presentato il prossimo 10 giugno al Biografilm Festi\" \/>\n<meta property=\"og:url\" content=\"https:\/\/cinema.video\/it\/ferrania-il-borgo-ligure-dove-nascevano-le-pellicole\" \/>\n<meta property=\"og:site_name\" content=\"Cinema &amp; Video International\" \/>\n<meta property=\"article:publisher\" content=\"https:\/\/www.facebook.com\/CinemaVideoInternational\/\" \/>\n<meta property=\"article:published_time\" content=\"2021-05-26T08:43:13+00:00\" \/>\n<meta property=\"article:modified_time\" content=\"2026-04-10T01:53:50+00:00\" \/>\n<meta property=\"og:image\" content=\"https:\/\/cinema.video\/wp-content\/uploads\/2021\/05\/STILL_FAF_022-e1622018550813.jpg\" \/>\n\t<meta property=\"og:image:width\" content=\"800\" \/>\n\t<meta property=\"og:image:height\" content=\"450\" \/>\n\t<meta property=\"og:image:type\" content=\"image\/jpeg\" \/>\n<meta name=\"author\" content=\"Editorial\" \/>\n<meta name=\"twitter:card\" content=\"summary_large_image\" \/>\n<meta name=\"twitter:label1\" content=\"Scritto da\" \/>\n\t<meta name=\"twitter:data1\" content=\"Editorial\" \/>\n\t<meta name=\"twitter:label2\" content=\"Tempo di lettura stimato\" \/>\n\t<meta name=\"twitter:data2\" content=\"2 minuti\" \/>\n<script type=\"application\/ld+json\" class=\"yoast-schema-graph\">{\"@context\":\"https:\\\/\\\/schema.org\",\"@graph\":[{\"@type\":\"Article\",\"@id\":\"https:\\\/\\\/cinema.video\\\/it\\\/ferrania-il-borgo-ligure-dove-nascevano-le-pellicole#article\",\"isPartOf\":{\"@id\":\"https:\\\/\\\/cinema.video\\\/it\\\/ferrania-il-borgo-ligure-dove-nascevano-le-pellicole\"},\"author\":{\"name\":\"Editorial\",\"@id\":\"https:\\\/\\\/cinema.video\\\/it#\\\/schema\\\/person\\\/aeb01b91d874e8b01e76a1db04c668c6\"},\"headline\":\"FERRANIA Il borgo ligure dove nascevano le pellicole\",\"datePublished\":\"2021-05-26T08:43:13+00:00\",\"dateModified\":\"2026-04-10T01:53:50+00:00\",\"mainEntityOfPage\":{\"@id\":\"https:\\\/\\\/cinema.video\\\/it\\\/ferrania-il-borgo-ligure-dove-nascevano-le-pellicole\"},\"wordCount\":348,\"publisher\":{\"@id\":\"https:\\\/\\\/cinema.video\\\/it#organization\"},\"image\":{\"@id\":\"https:\\\/\\\/cinema.video\\\/it\\\/ferrania-il-borgo-ligure-dove-nascevano-le-pellicole#primaryimage\"},\"thumbnailUrl\":\"https:\\\/\\\/cinema.video\\\/wp-content\\\/uploads\\\/2021\\\/05\\\/STILL_FAF_022-e1622018550813.jpg\",\"keywords\":[\"DOCUMENTARY\"],\"inLanguage\":\"it-IT\"},{\"@type\":\"WebPage\",\"@id\":\"https:\\\/\\\/cinema.video\\\/it\\\/ferrania-il-borgo-ligure-dove-nascevano-le-pellicole\",\"url\":\"https:\\\/\\\/cinema.video\\\/it\\\/ferrania-il-borgo-ligure-dove-nascevano-le-pellicole\",\"name\":\"FERRANIA Il borgo ligure dove nascevano le pellicole - Cinema &amp; Video International\",\"isPartOf\":{\"@id\":\"https:\\\/\\\/cinema.video\\\/it#website\"},\"primaryImageOfPage\":{\"@id\":\"https:\\\/\\\/cinema.video\\\/it\\\/ferrania-il-borgo-ligure-dove-nascevano-le-pellicole#primaryimage\"},\"image\":{\"@id\":\"https:\\\/\\\/cinema.video\\\/it\\\/ferrania-il-borgo-ligure-dove-nascevano-le-pellicole#primaryimage\"},\"thumbnailUrl\":\"https:\\\/\\\/cinema.video\\\/wp-content\\\/uploads\\\/2021\\\/05\\\/STILL_FAF_022-e1622018550813.jpg\",\"datePublished\":\"2021-05-26T08:43:13+00:00\",\"dateModified\":\"2026-04-10T01:53:50+00:00\",\"description\":\"FERRANIA Il borgo ligure dove nascevano le pellicole \u2013 ferrania il borgo ligure dove nascevano. Verr\u00e0 presentato il prossimo 10 giugno al Biografilm Festi\",\"breadcrumb\":{\"@id\":\"https:\\\/\\\/cinema.video\\\/it\\\/ferrania-il-borgo-ligure-dove-nascevano-le-pellicole#breadcrumb\"},\"inLanguage\":\"it-IT\",\"potentialAction\":[{\"@type\":\"ReadAction\",\"target\":[\"https:\\\/\\\/cinema.video\\\/it\\\/ferrania-il-borgo-ligure-dove-nascevano-le-pellicole\"]}]},{\"@type\":\"ImageObject\",\"inLanguage\":\"it-IT\",\"@id\":\"https:\\\/\\\/cinema.video\\\/it\\\/ferrania-il-borgo-ligure-dove-nascevano-le-pellicole#primaryimage\",\"url\":\"https:\\\/\\\/cinema.video\\\/wp-content\\\/uploads\\\/2021\\\/05\\\/STILL_FAF_022-e1622018550813.jpg\",\"contentUrl\":\"https:\\\/\\\/cinema.video\\\/wp-content\\\/uploads\\\/2021\\\/05\\\/STILL_FAF_022-e1622018550813.jpg\",\"width\":800,\"height\":450},{\"@type\":\"BreadcrumbList\",\"@id\":\"https:\\\/\\\/cinema.video\\\/it\\\/ferrania-il-borgo-ligure-dove-nascevano-le-pellicole#breadcrumb\",\"itemListElement\":[{\"@type\":\"ListItem\",\"position\":1,\"name\":\"Home\",\"item\":\"https:\\\/\\\/cinema.video\\\/it\"},{\"@type\":\"ListItem\",\"position\":2,\"name\":\"FERRANIA Il borgo ligure dove nascevano le pellicole\"}]},{\"@type\":\"WebSite\",\"@id\":\"https:\\\/\\\/cinema.video\\\/it#website\",\"url\":\"https:\\\/\\\/cinema.video\\\/it\",\"name\":\"Cinema & Video International\",\"description\":\"Film &amp; Audiovisual B2B Industry Trade Platform Magazine\",\"publisher\":{\"@id\":\"https:\\\/\\\/cinema.video\\\/it#organization\"},\"alternateName\":\"Cinema & Video\",\"potentialAction\":[{\"@type\":\"SearchAction\",\"target\":{\"@type\":\"EntryPoint\",\"urlTemplate\":\"https:\\\/\\\/cinema.video\\\/it?s={search_term_string}\"},\"query-input\":{\"@type\":\"PropertyValueSpecification\",\"valueRequired\":true,\"valueName\":\"search_term_string\"}}],\"inLanguage\":\"it-IT\"},{\"@type\":\"Organization\",\"@id\":\"https:\\\/\\\/cinema.video\\\/it#organization\",\"name\":\"Cinema & Video\",\"url\":\"https:\\\/\\\/cinema.video\\\/it\",\"logo\":{\"@type\":\"ImageObject\",\"inLanguage\":\"it-IT\",\"@id\":\"https:\\\/\\\/cinema.video\\\/it#\\\/schema\\\/logo\\\/image\\\/\",\"url\":\"https:\\\/\\\/cinema.video\\\/wp-content\\\/uploads\\\/2026\\\/04\\\/CinemVideo_LogoBlack.png\",\"contentUrl\":\"https:\\\/\\\/cinema.video\\\/wp-content\\\/uploads\\\/2026\\\/04\\\/CinemVideo_LogoBlack.png\",\"width\":1336,\"height\":224,\"caption\":\"Cinema & Video\"},\"image\":{\"@id\":\"https:\\\/\\\/cinema.video\\\/it#\\\/schema\\\/logo\\\/image\\\/\"},\"sameAs\":[\"https:\\\/\\\/www.facebook.com\\\/CinemaVideoInternational\\\/\",\"https:\\\/\\\/www.instagram.com\\\/cinemaevideointernational\\\/\",\"https:\\\/\\\/it.linkedin.com\\\/company\\\/cinema-video-international\"],\"description\":\"Media Consulting & Marketing Agency\",\"email\":\"hello@darostudio.com\",\"legalName\":\"DARO studio LLC\",\"foundingDate\":\"2021-02-16\",\"numberOfEmployees\":{\"@type\":\"QuantitativeValue\",\"minValue\":\"1\",\"maxValue\":\"10\"},\"publishingPrinciples\":\"https:\\\/\\\/cinema.video\\\/about\"},{\"@type\":\"Person\",\"@id\":\"https:\\\/\\\/cinema.video\\\/it#\\\/schema\\\/person\\\/aeb01b91d874e8b01e76a1db04c668c6\",\"name\":\"Editorial\",\"image\":{\"@type\":\"ImageObject\",\"inLanguage\":\"it-IT\",\"@id\":\"https:\\\/\\\/secure.gravatar.com\\\/avatar\\\/06ad6f92eb14745b75fb592cadf8139d33242d81c9c8b085133c450aaf0b9731?s=96&d=mm&r=g\",\"url\":\"https:\\\/\\\/secure.gravatar.com\\\/avatar\\\/06ad6f92eb14745b75fb592cadf8139d33242d81c9c8b085133c450aaf0b9731?s=96&d=mm&r=g\",\"contentUrl\":\"https:\\\/\\\/secure.gravatar.com\\\/avatar\\\/06ad6f92eb14745b75fb592cadf8139d33242d81c9c8b085133c450aaf0b9731?s=96&d=mm&r=g\",\"caption\":\"Editorial\"},\"url\":\"https:\\\/\\\/cinema.video\\\/it\\\/author\\\/redazione\"}]}<\/script>\n<!-- \/ Yoast SEO Premium plugin. -->","yoast_head_json":{"title":"FERRANIA Il borgo ligure dove nascevano le pellicole - Cinema &amp; Video International","description":"FERRANIA Il borgo ligure dove nascevano le pellicole \u2013 ferrania il borgo ligure dove nascevano. Verr\u00e0 presentato il prossimo 10 giugno al Biografilm Festi","robots":{"index":"index","follow":"follow","max-snippet":"max-snippet:-1","max-image-preview":"max-image-preview:large","max-video-preview":"max-video-preview:-1"},"canonical":"https:\/\/cinema.video\/it\/ferrania-il-borgo-ligure-dove-nascevano-le-pellicole","og_locale":"it_IT","og_type":"article","og_title":"FERRANIA Il borgo ligure dove nascevano le pellicole","og_description":"FERRANIA Il borgo ligure dove nascevano le pellicole \u2013 ferrania il borgo ligure dove nascevano. Verr\u00e0 presentato il prossimo 10 giugno al Biografilm Festi","og_url":"https:\/\/cinema.video\/it\/ferrania-il-borgo-ligure-dove-nascevano-le-pellicole","og_site_name":"Cinema &amp; Video International","article_publisher":"https:\/\/www.facebook.com\/CinemaVideoInternational\/","article_published_time":"2021-05-26T08:43:13+00:00","article_modified_time":"2026-04-10T01:53:50+00:00","og_image":[{"width":800,"height":450,"url":"https:\/\/cinema.video\/wp-content\/uploads\/2021\/05\/STILL_FAF_022-e1622018550813.jpg","type":"image\/jpeg"}],"author":"Editorial","twitter_card":"summary_large_image","twitter_misc":{"Scritto da":"Editorial","Tempo di lettura stimato":"2 minuti"},"schema":{"@context":"https:\/\/schema.org","@graph":[{"@type":"Article","@id":"https:\/\/cinema.video\/it\/ferrania-il-borgo-ligure-dove-nascevano-le-pellicole#article","isPartOf":{"@id":"https:\/\/cinema.video\/it\/ferrania-il-borgo-ligure-dove-nascevano-le-pellicole"},"author":{"name":"Editorial","@id":"https:\/\/cinema.video\/it#\/schema\/person\/aeb01b91d874e8b01e76a1db04c668c6"},"headline":"FERRANIA Il borgo ligure dove nascevano le pellicole","datePublished":"2021-05-26T08:43:13+00:00","dateModified":"2026-04-10T01:53:50+00:00","mainEntityOfPage":{"@id":"https:\/\/cinema.video\/it\/ferrania-il-borgo-ligure-dove-nascevano-le-pellicole"},"wordCount":348,"publisher":{"@id":"https:\/\/cinema.video\/it#organization"},"image":{"@id":"https:\/\/cinema.video\/it\/ferrania-il-borgo-ligure-dove-nascevano-le-pellicole#primaryimage"},"thumbnailUrl":"https:\/\/cinema.video\/wp-content\/uploads\/2021\/05\/STILL_FAF_022-e1622018550813.jpg","keywords":["DOCUMENTARY"],"inLanguage":"it-IT"},{"@type":"WebPage","@id":"https:\/\/cinema.video\/it\/ferrania-il-borgo-ligure-dove-nascevano-le-pellicole","url":"https:\/\/cinema.video\/it\/ferrania-il-borgo-ligure-dove-nascevano-le-pellicole","name":"FERRANIA Il borgo ligure dove nascevano le pellicole - Cinema &amp; Video International","isPartOf":{"@id":"https:\/\/cinema.video\/it#website"},"primaryImageOfPage":{"@id":"https:\/\/cinema.video\/it\/ferrania-il-borgo-ligure-dove-nascevano-le-pellicole#primaryimage"},"image":{"@id":"https:\/\/cinema.video\/it\/ferrania-il-borgo-ligure-dove-nascevano-le-pellicole#primaryimage"},"thumbnailUrl":"https:\/\/cinema.video\/wp-content\/uploads\/2021\/05\/STILL_FAF_022-e1622018550813.jpg","datePublished":"2021-05-26T08:43:13+00:00","dateModified":"2026-04-10T01:53:50+00:00","description":"FERRANIA Il borgo ligure dove nascevano le pellicole \u2013 ferrania il borgo ligure dove nascevano. Verr\u00e0 presentato il prossimo 10 giugno al Biografilm Festi","breadcrumb":{"@id":"https:\/\/cinema.video\/it\/ferrania-il-borgo-ligure-dove-nascevano-le-pellicole#breadcrumb"},"inLanguage":"it-IT","potentialAction":[{"@type":"ReadAction","target":["https:\/\/cinema.video\/it\/ferrania-il-borgo-ligure-dove-nascevano-le-pellicole"]}]},{"@type":"ImageObject","inLanguage":"it-IT","@id":"https:\/\/cinema.video\/it\/ferrania-il-borgo-ligure-dove-nascevano-le-pellicole#primaryimage","url":"https:\/\/cinema.video\/wp-content\/uploads\/2021\/05\/STILL_FAF_022-e1622018550813.jpg","contentUrl":"https:\/\/cinema.video\/wp-content\/uploads\/2021\/05\/STILL_FAF_022-e1622018550813.jpg","width":800,"height":450},{"@type":"BreadcrumbList","@id":"https:\/\/cinema.video\/it\/ferrania-il-borgo-ligure-dove-nascevano-le-pellicole#breadcrumb","itemListElement":[{"@type":"ListItem","position":1,"name":"Home","item":"https:\/\/cinema.video\/it"},{"@type":"ListItem","position":2,"name":"FERRANIA Il borgo ligure dove nascevano le pellicole"}]},{"@type":"WebSite","@id":"https:\/\/cinema.video\/it#website","url":"https:\/\/cinema.video\/it","name":"Cinema & Video International","description":"Film &amp; Audiovisual B2B Industry Trade Platform Magazine","publisher":{"@id":"https:\/\/cinema.video\/it#organization"},"alternateName":"Cinema & Video","potentialAction":[{"@type":"SearchAction","target":{"@type":"EntryPoint","urlTemplate":"https:\/\/cinema.video\/it?s={search_term_string}"},"query-input":{"@type":"PropertyValueSpecification","valueRequired":true,"valueName":"search_term_string"}}],"inLanguage":"it-IT"},{"@type":"Organization","@id":"https:\/\/cinema.video\/it#organization","name":"Cinema & Video","url":"https:\/\/cinema.video\/it","logo":{"@type":"ImageObject","inLanguage":"it-IT","@id":"https:\/\/cinema.video\/it#\/schema\/logo\/image\/","url":"https:\/\/cinema.video\/wp-content\/uploads\/2026\/04\/CinemVideo_LogoBlack.png","contentUrl":"https:\/\/cinema.video\/wp-content\/uploads\/2026\/04\/CinemVideo_LogoBlack.png","width":1336,"height":224,"caption":"Cinema & Video"},"image":{"@id":"https:\/\/cinema.video\/it#\/schema\/logo\/image\/"},"sameAs":["https:\/\/www.facebook.com\/CinemaVideoInternational\/","https:\/\/www.instagram.com\/cinemaevideointernational\/","https:\/\/it.linkedin.com\/company\/cinema-video-international"],"description":"Media Consulting & Marketing Agency","email":"hello@darostudio.com","legalName":"DARO studio LLC","foundingDate":"2021-02-16","numberOfEmployees":{"@type":"QuantitativeValue","minValue":"1","maxValue":"10"},"publishingPrinciples":"https:\/\/cinema.video\/about"},{"@type":"Person","@id":"https:\/\/cinema.video\/it#\/schema\/person\/aeb01b91d874e8b01e76a1db04c668c6","name":"Editorial","image":{"@type":"ImageObject","inLanguage":"it-IT","@id":"https:\/\/secure.gravatar.com\/avatar\/06ad6f92eb14745b75fb592cadf8139d33242d81c9c8b085133c450aaf0b9731?s=96&d=mm&r=g","url":"https:\/\/secure.gravatar.com\/avatar\/06ad6f92eb14745b75fb592cadf8139d33242d81c9c8b085133c450aaf0b9731?s=96&d=mm&r=g","contentUrl":"https:\/\/secure.gravatar.com\/avatar\/06ad6f92eb14745b75fb592cadf8139d33242d81c9c8b085133c450aaf0b9731?s=96&d=mm&r=g","caption":"Editorial"},"url":"https:\/\/cinema.video\/it\/author\/redazione"}]}},"jetpack_shortlink":"https:\/\/wp.me\/ph672m-1dgl","jetpack_featured_media_url":"https:\/\/cinema.video\/wp-content\/uploads\/2021\/05\/STILL_FAF_022-e1622018550813.jpg","_links":{"self":[{"href":"https:\/\/cinema.video\/it\/wp-json\/wp\/v2\/posts\/289313","targetHints":{"allow":["GET"]}}],"collection":[{"href":"https:\/\/cinema.video\/it\/wp-json\/wp\/v2\/posts"}],"about":[{"href":"https:\/\/cinema.video\/it\/wp-json\/wp\/v2\/types\/post"}],"author":[{"embeddable":true,"href":"https:\/\/cinema.video\/it\/wp-json\/wp\/v2\/users\/26"}],"replies":[{"embeddable":true,"href":"https:\/\/cinema.video\/it\/wp-json\/wp\/v2\/comments?post=289313"}],"version-history":[{"count":1,"href":"https:\/\/cinema.video\/it\/wp-json\/wp\/v2\/posts\/289313\/revisions"}],"predecessor-version":[{"id":308273,"href":"https:\/\/cinema.video\/it\/wp-json\/wp\/v2\/posts\/289313\/revisions\/308273"}],"wp:featuredmedia":[{"embeddable":true,"href":"https:\/\/cinema.video\/it\/wp-json\/wp\/v2\/media\/289387"}],"wp:attachment":[{"href":"https:\/\/cinema.video\/it\/wp-json\/wp\/v2\/media?parent=289313"}],"wp:term":[{"taxonomy":"category","embeddable":true,"href":"https:\/\/cinema.video\/it\/wp-json\/wp\/v2\/categories?post=289313"},{"taxonomy":"post_tag","embeddable":true,"href":"https:\/\/cinema.video\/it\/wp-json\/wp\/v2\/tags?post=289313"}],"curies":[{"name":"wp","href":"https:\/\/api.w.org\/{rel}","templated":true}]}}