{"id":289308,"date":"2021-05-21T11:04:40","date_gmt":"2021-05-21T09:04:40","guid":{"rendered":"https:\/\/cinema.video\/?p=289308"},"modified":"2026-04-10T03:53:49","modified_gmt":"2026-04-10T01:53:49","slug":"289308-2","status":"publish","type":"post","link":"https:\/\/cinema.video\/it\/289308-2","title":{"rendered":"SARDEGNA Cartoon Digital on line dal 26 maggio"},"content":{"rendered":"\n<p class=\"wp-block-paragraph\">Pi\u00f9 di venti relatori su come Internet e mobilit\u00e0 hanno aperto grandi opportunit\u00e0 creative e di business per i proprietari e i produttori di contenuti di animazione. E\u2019 <strong>Cartoon Digital<\/strong>, il seminario sulle ultime evoluzioni dell&#8217;intrattenimento animato nelle nostre vite sempre pi\u00f9 connesse, che quest\u2019anno si terr\u00e0 online dal 26 al 28 maggio. Organizzata dall\u2019associazione <strong>Cartoon Media<\/strong> con il sostegno del Programma <strong>Europa Creativa<\/strong> dell&#8217;Unione Europea, la tre giorni di conferenze si sarebbe dovuta tenere ancora una volta a Cagliari, citt\u00e0 che nell\u2019era pre-Covid ha ospitato, grazie all\u2019iniziativa della <strong>Fondazione Sardegna Film Commission<\/strong>, un\u2019edizione di assoluto successo con oltre 250 operatori internazionali di altissimo livello provenienti da 22 paesi. Dopo la pausa dello scorso anno e attendendo che la UE vari il Digital Green Pass che permetter\u00e0 pi\u00f9 agevoli spostamenti su tutto il territorio europeo, il master europeo sull\u2019animazione digitale torna dunque solo online.<\/p>\n\n\n\n<p class=\"wp-block-paragraph\">Numerose le conferenze alle quali partecipano broadcaster, produttori e distributori italiani, europei ed internazionali. Partner della manifestazione, i \u201cpadroni di casa\u201d, sebbene solo virtuale, con <strong>Nevina Satta,<\/strong> direttrice della Fondazione Sardegna Film Commission, <strong>Anne-Sophie Vanhollebeke,<\/strong> presidente di <strong>Cartoon Italia<\/strong>, <strong>Luca Milano<\/strong>, direttore di <strong>Rai Ragazzi<\/strong>. Quest\u2019ultimo interverr\u00e0 a una serie d\u2019incontri fra i quali la corposa tavola rotonda finale dal titolo \u201cPiattaforme, progressi e partner 2021 e oltre\u201d che vedr\u00e0 fra gli speaker anche <strong>Shamik Majumdar<\/strong>, direttore creativo original series animation delle reti e piattaforme multimediali <strong>Disney Channels<\/strong>, <strong>Disney +<\/strong> e <strong>STAR<\/strong> (The Walt Disney Company \u2013 EMEA), dagli Stati Uniti <strong>Christopher Keenan<\/strong>, vicepresidente senior, global content e produttore esecutivo <strong>Mattel<\/strong>, <strong>Olivier Dumont<\/strong>, presidente della divisione Family Brands di <strong>eOne<\/strong>, che include nel portfolio properties come \u201cPeppa Pig\u201d, \u201cPJ Masks\u201d,\u201dRicky Zoom\u201d, \u201cMy Little Pony\u201d, \u201cPower Rangers\u201d, \u201cTransformers\u201d, e <strong>Cristiana Buzzelli<\/strong>, vicepresidente senior, contenuti e licensing di <strong>Rainbow<\/strong>, oltre che nel board di <strong>Colorado Film<\/strong>, la casa di produzione live action recentemente acquisita da Rainbow per diversificare ulteriormente la sua gamma di contenuti oltre il pubblico di bambini e famiglie. In programma conferenze anche con i top manager di <strong>Warner Media<\/strong>, <strong>Ubisoft<\/strong> <strong>Film &amp; Television<\/strong>, e il Kids &amp; Family Department di <strong>Netflix<\/strong>, collegati rispettivamente dagli Stati Uniti, Regno Unito e Italia, Francia e Olanda e incontri one-to-one. In attesa di tornare in presenza a Tolosa, dove dal 20 al 23 settembre \u00e8 previsto &#8211; a meno di ulteriori \u201condate\u201d e varianti Covid-19 &#8211; il <strong>Cartoon Forum<\/strong>, tradizionale appuntamento dove i produttori di animazione europei possono trovare partner transfrontalieri e accelerare gli accordi finanziari di progetti televisivi preselezionati.<\/p>\n","protected":false},"excerpt":{"rendered":"<p>Il seminario sulle ultime evoluzioni dell&#8217;intrattenimento animato si terr\u00e0 on line dal 26 al 28 maggio<\/p>\n","protected":false},"author":14,"featured_media":289310,"comment_status":"closed","ping_status":"closed","sticky":false,"template":"","format":"standard","meta":{"googlesitekit_rrm_CAow3e7fCw:productID":"","_wpcom_ai_launchpad_first_post":false,"footnotes":"","jetpack_post_was_ever_published":false},"categories":[1],"tags":[813,436,433,338],"class_list":["post-289308","post","type-post","status-publish","format-standard","has-post-thumbnail","category-senza-categoria","tag-animation","tag-animazione","tag-rai","tag-fondazione-sardegna-film-commission"],"yoast_head":"<!-- This site is optimized with the Yoast SEO Premium plugin v28.3 (Yoast SEO v28.3) - https:\/\/yoast.com\/product\/yoast-seo-premium-wordpress\/ -->\n<title>SARDEGNA Cartoon Digital on line dal 26 maggio - Cinema &amp; Video International<\/title>\n<meta name=\"description\" content=\"SARDEGNA Cartoon Digital on line dal 26 maggio \u2013 sardegna cartoon digital on line dal. Pi\u00f9 di venti relatori su come Internet e mobilit\u00e0 hanno aperto gran\" \/>\n<meta name=\"robots\" content=\"index, follow, max-snippet:-1, max-image-preview:large, max-video-preview:-1\" \/>\n<link rel=\"canonical\" href=\"https:\/\/cinema.video\/it\/289308-2\" \/>\n<meta property=\"og:locale\" content=\"it_IT\" \/>\n<meta property=\"og:type\" content=\"article\" \/>\n<meta property=\"og:title\" content=\"SARDEGNA Cartoon Digital on line dal 26 maggio\" \/>\n<meta property=\"og:description\" content=\"SARDEGNA Cartoon Digital on line dal 26 maggio \u2013 sardegna cartoon digital on line dal. Pi\u00f9 di venti relatori su come Internet e mobilit\u00e0 hanno aperto gran\" \/>\n<meta property=\"og:url\" content=\"https:\/\/cinema.video\/it\/289308-2\" \/>\n<meta property=\"og:site_name\" content=\"Cinema &amp; Video International\" \/>\n<meta property=\"article:publisher\" content=\"https:\/\/www.facebook.com\/CinemaVideoInternational\/\" \/>\n<meta property=\"article:published_time\" content=\"2021-05-21T09:04:40+00:00\" \/>\n<meta property=\"article:modified_time\" content=\"2026-04-10T01:53:49+00:00\" \/>\n<meta property=\"og:image\" content=\"https:\/\/cinema.video\/wp-content\/uploads\/2021\/05\/Cartoon-Digital-logo_orange_2.jpeg\" \/>\n\t<meta property=\"og:image:width\" content=\"382\" \/>\n\t<meta property=\"og:image:height\" content=\"382\" \/>\n\t<meta property=\"og:image:type\" content=\"image\/jpeg\" \/>\n<meta name=\"author\" content=\"Monica Tasciotti\" \/>\n<meta name=\"twitter:card\" content=\"summary_large_image\" \/>\n<meta name=\"twitter:label1\" content=\"Scritto da\" \/>\n\t<meta name=\"twitter:data1\" content=\"Monica Tasciotti\" \/>\n\t<meta name=\"twitter:label2\" content=\"Tempo di lettura stimato\" \/>\n\t<meta name=\"twitter:data2\" content=\"2 minuti\" \/>\n<script type=\"application\/ld+json\" class=\"yoast-schema-graph\">{\"@context\":\"https:\\\/\\\/schema.org\",\"@graph\":[{\"@type\":\"Article\",\"@id\":\"https:\\\/\\\/cinema.video\\\/it\\\/289308-2#article\",\"isPartOf\":{\"@id\":\"https:\\\/\\\/cinema.video\\\/it\\\/289308-2\"},\"author\":{\"name\":\"Monica Tasciotti\",\"@id\":\"https:\\\/\\\/cinema.video\\\/it#\\\/schema\\\/person\\\/1ee8b2699ef9820dce5f2d4deb57c0be\"},\"headline\":\"SARDEGNA Cartoon Digital on line dal 26 maggio\",\"datePublished\":\"2021-05-21T09:04:40+00:00\",\"dateModified\":\"2026-04-10T01:53:49+00:00\",\"mainEntityOfPage\":{\"@id\":\"https:\\\/\\\/cinema.video\\\/it\\\/289308-2\"},\"wordCount\":419,\"publisher\":{\"@id\":\"https:\\\/\\\/cinema.video\\\/it#organization\"},\"image\":{\"@id\":\"https:\\\/\\\/cinema.video\\\/it\\\/289308-2#primaryimage\"},\"thumbnailUrl\":\"https:\\\/\\\/cinema.video\\\/wp-content\\\/uploads\\\/2021\\\/05\\\/Cartoon-Digital-logo_orange_2.jpeg\",\"keywords\":[\"ANIMATION\",\"Animazione\",\"RAI\",\"SARDEGNA FILM COMMISSION\"],\"inLanguage\":\"it-IT\"},{\"@type\":\"WebPage\",\"@id\":\"https:\\\/\\\/cinema.video\\\/it\\\/289308-2\",\"url\":\"https:\\\/\\\/cinema.video\\\/it\\\/289308-2\",\"name\":\"SARDEGNA Cartoon Digital on line dal 26 maggio - Cinema &amp; Video International\",\"isPartOf\":{\"@id\":\"https:\\\/\\\/cinema.video\\\/it#website\"},\"primaryImageOfPage\":{\"@id\":\"https:\\\/\\\/cinema.video\\\/it\\\/289308-2#primaryimage\"},\"image\":{\"@id\":\"https:\\\/\\\/cinema.video\\\/it\\\/289308-2#primaryimage\"},\"thumbnailUrl\":\"https:\\\/\\\/cinema.video\\\/wp-content\\\/uploads\\\/2021\\\/05\\\/Cartoon-Digital-logo_orange_2.jpeg\",\"datePublished\":\"2021-05-21T09:04:40+00:00\",\"dateModified\":\"2026-04-10T01:53:49+00:00\",\"description\":\"SARDEGNA Cartoon Digital on line dal 26 maggio \u2013 sardegna cartoon digital on line dal. Pi\u00f9 di venti relatori su come Internet e mobilit\u00e0 hanno aperto gran\",\"breadcrumb\":{\"@id\":\"https:\\\/\\\/cinema.video\\\/it\\\/289308-2#breadcrumb\"},\"inLanguage\":\"it-IT\",\"potentialAction\":[{\"@type\":\"ReadAction\",\"target\":[\"https:\\\/\\\/cinema.video\\\/it\\\/289308-2\"]}]},{\"@type\":\"ImageObject\",\"inLanguage\":\"it-IT\",\"@id\":\"https:\\\/\\\/cinema.video\\\/it\\\/289308-2#primaryimage\",\"url\":\"https:\\\/\\\/cinema.video\\\/wp-content\\\/uploads\\\/2021\\\/05\\\/Cartoon-Digital-logo_orange_2.jpeg\",\"contentUrl\":\"https:\\\/\\\/cinema.video\\\/wp-content\\\/uploads\\\/2021\\\/05\\\/Cartoon-Digital-logo_orange_2.jpeg\",\"width\":382,\"height\":382},{\"@type\":\"BreadcrumbList\",\"@id\":\"https:\\\/\\\/cinema.video\\\/it\\\/289308-2#breadcrumb\",\"itemListElement\":[{\"@type\":\"ListItem\",\"position\":1,\"name\":\"Home\",\"item\":\"https:\\\/\\\/cinema.video\\\/it\"},{\"@type\":\"ListItem\",\"position\":2,\"name\":\"SARDEGNA Cartoon Digital on line dal 26 maggio\"}]},{\"@type\":\"WebSite\",\"@id\":\"https:\\\/\\\/cinema.video\\\/it#website\",\"url\":\"https:\\\/\\\/cinema.video\\\/it\",\"name\":\"Cinema & Video International\",\"description\":\"Film &amp; Audiovisual B2B Industry Trade Platform Magazine\",\"publisher\":{\"@id\":\"https:\\\/\\\/cinema.video\\\/it#organization\"},\"alternateName\":\"Cinema & Video\",\"potentialAction\":[{\"@type\":\"SearchAction\",\"target\":{\"@type\":\"EntryPoint\",\"urlTemplate\":\"https:\\\/\\\/cinema.video\\\/it?s={search_term_string}\"},\"query-input\":{\"@type\":\"PropertyValueSpecification\",\"valueRequired\":true,\"valueName\":\"search_term_string\"}}],\"inLanguage\":\"it-IT\"},{\"@type\":\"Organization\",\"@id\":\"https:\\\/\\\/cinema.video\\\/it#organization\",\"name\":\"Cinema & Video\",\"url\":\"https:\\\/\\\/cinema.video\\\/it\",\"logo\":{\"@type\":\"ImageObject\",\"inLanguage\":\"it-IT\",\"@id\":\"https:\\\/\\\/cinema.video\\\/it#\\\/schema\\\/logo\\\/image\\\/\",\"url\":\"https:\\\/\\\/cinema.video\\\/wp-content\\\/uploads\\\/2026\\\/04\\\/CinemVideo_LogoBlack.png\",\"contentUrl\":\"https:\\\/\\\/cinema.video\\\/wp-content\\\/uploads\\\/2026\\\/04\\\/CinemVideo_LogoBlack.png\",\"width\":1336,\"height\":224,\"caption\":\"Cinema & Video\"},\"image\":{\"@id\":\"https:\\\/\\\/cinema.video\\\/it#\\\/schema\\\/logo\\\/image\\\/\"},\"sameAs\":[\"https:\\\/\\\/www.facebook.com\\\/CinemaVideoInternational\\\/\",\"https:\\\/\\\/www.instagram.com\\\/cinemaevideointernational\\\/\",\"https:\\\/\\\/it.linkedin.com\\\/company\\\/cinema-video-international\"],\"description\":\"Media Consulting & Marketing Agency\",\"email\":\"hello@darostudio.com\",\"legalName\":\"DARO studio LLC\",\"foundingDate\":\"2021-02-16\",\"numberOfEmployees\":{\"@type\":\"QuantitativeValue\",\"minValue\":\"1\",\"maxValue\":\"10\"},\"publishingPrinciples\":\"https:\\\/\\\/cinema.video\\\/about\"},{\"@type\":\"Person\",\"@id\":\"https:\\\/\\\/cinema.video\\\/it#\\\/schema\\\/person\\\/1ee8b2699ef9820dce5f2d4deb57c0be\",\"name\":\"Monica Tasciotti\",\"image\":{\"@type\":\"ImageObject\",\"inLanguage\":\"it-IT\",\"@id\":\"https:\\\/\\\/secure.gravatar.com\\\/avatar\\\/b6c16aab817044746bca86a66f5c3d236a2ce9151db90e36a71509f650f31bf9?s=96&d=mm&r=g\",\"url\":\"https:\\\/\\\/secure.gravatar.com\\\/avatar\\\/b6c16aab817044746bca86a66f5c3d236a2ce9151db90e36a71509f650f31bf9?s=96&d=mm&r=g\",\"contentUrl\":\"https:\\\/\\\/secure.gravatar.com\\\/avatar\\\/b6c16aab817044746bca86a66f5c3d236a2ce9151db90e36a71509f650f31bf9?s=96&d=mm&r=g\",\"caption\":\"Monica Tasciotti\"},\"url\":\"https:\\\/\\\/cinema.video\\\/it\\\/author\\\/monica-tasciotti\"}]}<\/script>\n<!-- \/ Yoast SEO Premium plugin. -->","yoast_head_json":{"title":"SARDEGNA Cartoon Digital on line dal 26 maggio - Cinema &amp; Video International","description":"SARDEGNA Cartoon Digital on line dal 26 maggio \u2013 sardegna cartoon digital on line dal. Pi\u00f9 di venti relatori su come Internet e mobilit\u00e0 hanno aperto gran","robots":{"index":"index","follow":"follow","max-snippet":"max-snippet:-1","max-image-preview":"max-image-preview:large","max-video-preview":"max-video-preview:-1"},"canonical":"https:\/\/cinema.video\/it\/289308-2","og_locale":"it_IT","og_type":"article","og_title":"SARDEGNA Cartoon Digital on line dal 26 maggio","og_description":"SARDEGNA Cartoon Digital on line dal 26 maggio \u2013 sardegna cartoon digital on line dal. Pi\u00f9 di venti relatori su come Internet e mobilit\u00e0 hanno aperto gran","og_url":"https:\/\/cinema.video\/it\/289308-2","og_site_name":"Cinema &amp; Video International","article_publisher":"https:\/\/www.facebook.com\/CinemaVideoInternational\/","article_published_time":"2021-05-21T09:04:40+00:00","article_modified_time":"2026-04-10T01:53:49+00:00","og_image":[{"width":382,"height":382,"url":"https:\/\/cinema.video\/wp-content\/uploads\/2021\/05\/Cartoon-Digital-logo_orange_2.jpeg","type":"image\/jpeg"}],"author":"Monica Tasciotti","twitter_card":"summary_large_image","twitter_misc":{"Scritto da":"Monica Tasciotti","Tempo di lettura stimato":"2 minuti"},"schema":{"@context":"https:\/\/schema.org","@graph":[{"@type":"Article","@id":"https:\/\/cinema.video\/it\/289308-2#article","isPartOf":{"@id":"https:\/\/cinema.video\/it\/289308-2"},"author":{"name":"Monica Tasciotti","@id":"https:\/\/cinema.video\/it#\/schema\/person\/1ee8b2699ef9820dce5f2d4deb57c0be"},"headline":"SARDEGNA Cartoon Digital on line dal 26 maggio","datePublished":"2021-05-21T09:04:40+00:00","dateModified":"2026-04-10T01:53:49+00:00","mainEntityOfPage":{"@id":"https:\/\/cinema.video\/it\/289308-2"},"wordCount":419,"publisher":{"@id":"https:\/\/cinema.video\/it#organization"},"image":{"@id":"https:\/\/cinema.video\/it\/289308-2#primaryimage"},"thumbnailUrl":"https:\/\/cinema.video\/wp-content\/uploads\/2021\/05\/Cartoon-Digital-logo_orange_2.jpeg","keywords":["ANIMATION","Animazione","RAI","SARDEGNA FILM COMMISSION"],"inLanguage":"it-IT"},{"@type":"WebPage","@id":"https:\/\/cinema.video\/it\/289308-2","url":"https:\/\/cinema.video\/it\/289308-2","name":"SARDEGNA Cartoon Digital on line dal 26 maggio - Cinema &amp; Video International","isPartOf":{"@id":"https:\/\/cinema.video\/it#website"},"primaryImageOfPage":{"@id":"https:\/\/cinema.video\/it\/289308-2#primaryimage"},"image":{"@id":"https:\/\/cinema.video\/it\/289308-2#primaryimage"},"thumbnailUrl":"https:\/\/cinema.video\/wp-content\/uploads\/2021\/05\/Cartoon-Digital-logo_orange_2.jpeg","datePublished":"2021-05-21T09:04:40+00:00","dateModified":"2026-04-10T01:53:49+00:00","description":"SARDEGNA Cartoon Digital on line dal 26 maggio \u2013 sardegna cartoon digital on line dal. Pi\u00f9 di venti relatori su come Internet e mobilit\u00e0 hanno aperto gran","breadcrumb":{"@id":"https:\/\/cinema.video\/it\/289308-2#breadcrumb"},"inLanguage":"it-IT","potentialAction":[{"@type":"ReadAction","target":["https:\/\/cinema.video\/it\/289308-2"]}]},{"@type":"ImageObject","inLanguage":"it-IT","@id":"https:\/\/cinema.video\/it\/289308-2#primaryimage","url":"https:\/\/cinema.video\/wp-content\/uploads\/2021\/05\/Cartoon-Digital-logo_orange_2.jpeg","contentUrl":"https:\/\/cinema.video\/wp-content\/uploads\/2021\/05\/Cartoon-Digital-logo_orange_2.jpeg","width":382,"height":382},{"@type":"BreadcrumbList","@id":"https:\/\/cinema.video\/it\/289308-2#breadcrumb","itemListElement":[{"@type":"ListItem","position":1,"name":"Home","item":"https:\/\/cinema.video\/it"},{"@type":"ListItem","position":2,"name":"SARDEGNA Cartoon Digital on line dal 26 maggio"}]},{"@type":"WebSite","@id":"https:\/\/cinema.video\/it#website","url":"https:\/\/cinema.video\/it","name":"Cinema & Video International","description":"Film &amp; Audiovisual B2B Industry Trade Platform Magazine","publisher":{"@id":"https:\/\/cinema.video\/it#organization"},"alternateName":"Cinema & Video","potentialAction":[{"@type":"SearchAction","target":{"@type":"EntryPoint","urlTemplate":"https:\/\/cinema.video\/it?s={search_term_string}"},"query-input":{"@type":"PropertyValueSpecification","valueRequired":true,"valueName":"search_term_string"}}],"inLanguage":"it-IT"},{"@type":"Organization","@id":"https:\/\/cinema.video\/it#organization","name":"Cinema & Video","url":"https:\/\/cinema.video\/it","logo":{"@type":"ImageObject","inLanguage":"it-IT","@id":"https:\/\/cinema.video\/it#\/schema\/logo\/image\/","url":"https:\/\/cinema.video\/wp-content\/uploads\/2026\/04\/CinemVideo_LogoBlack.png","contentUrl":"https:\/\/cinema.video\/wp-content\/uploads\/2026\/04\/CinemVideo_LogoBlack.png","width":1336,"height":224,"caption":"Cinema & Video"},"image":{"@id":"https:\/\/cinema.video\/it#\/schema\/logo\/image\/"},"sameAs":["https:\/\/www.facebook.com\/CinemaVideoInternational\/","https:\/\/www.instagram.com\/cinemaevideointernational\/","https:\/\/it.linkedin.com\/company\/cinema-video-international"],"description":"Media Consulting & Marketing Agency","email":"hello@darostudio.com","legalName":"DARO studio LLC","foundingDate":"2021-02-16","numberOfEmployees":{"@type":"QuantitativeValue","minValue":"1","maxValue":"10"},"publishingPrinciples":"https:\/\/cinema.video\/about"},{"@type":"Person","@id":"https:\/\/cinema.video\/it#\/schema\/person\/1ee8b2699ef9820dce5f2d4deb57c0be","name":"Monica Tasciotti","image":{"@type":"ImageObject","inLanguage":"it-IT","@id":"https:\/\/secure.gravatar.com\/avatar\/b6c16aab817044746bca86a66f5c3d236a2ce9151db90e36a71509f650f31bf9?s=96&d=mm&r=g","url":"https:\/\/secure.gravatar.com\/avatar\/b6c16aab817044746bca86a66f5c3d236a2ce9151db90e36a71509f650f31bf9?s=96&d=mm&r=g","contentUrl":"https:\/\/secure.gravatar.com\/avatar\/b6c16aab817044746bca86a66f5c3d236a2ce9151db90e36a71509f650f31bf9?s=96&d=mm&r=g","caption":"Monica Tasciotti"},"url":"https:\/\/cinema.video\/it\/author\/monica-tasciotti"}]}},"jetpack_shortlink":"https:\/\/wp.me\/ph672m-1dgg","jetpack_featured_media_url":"https:\/\/cinema.video\/wp-content\/uploads\/2021\/05\/Cartoon-Digital-logo_orange_2.jpeg","_links":{"self":[{"href":"https:\/\/cinema.video\/it\/wp-json\/wp\/v2\/posts\/289308","targetHints":{"allow":["GET"]}}],"collection":[{"href":"https:\/\/cinema.video\/it\/wp-json\/wp\/v2\/posts"}],"about":[{"href":"https:\/\/cinema.video\/it\/wp-json\/wp\/v2\/types\/post"}],"author":[{"embeddable":true,"href":"https:\/\/cinema.video\/it\/wp-json\/wp\/v2\/users\/14"}],"replies":[{"embeddable":true,"href":"https:\/\/cinema.video\/it\/wp-json\/wp\/v2\/comments?post=289308"}],"version-history":[{"count":1,"href":"https:\/\/cinema.video\/it\/wp-json\/wp\/v2\/posts\/289308\/revisions"}],"predecessor-version":[{"id":308271,"href":"https:\/\/cinema.video\/it\/wp-json\/wp\/v2\/posts\/289308\/revisions\/308271"}],"wp:featuredmedia":[{"embeddable":true,"href":"https:\/\/cinema.video\/it\/wp-json\/wp\/v2\/media\/289310"}],"wp:attachment":[{"href":"https:\/\/cinema.video\/it\/wp-json\/wp\/v2\/media?parent=289308"}],"wp:term":[{"taxonomy":"category","embeddable":true,"href":"https:\/\/cinema.video\/it\/wp-json\/wp\/v2\/categories?post=289308"},{"taxonomy":"post_tag","embeddable":true,"href":"https:\/\/cinema.video\/it\/wp-json\/wp\/v2\/tags?post=289308"}],"curies":[{"name":"wp","href":"https:\/\/api.w.org\/{rel}","templated":true}]}}