{"id":289187,"date":"2021-05-11T16:59:05","date_gmt":"2021-05-11T14:59:05","guid":{"rendered":"https:\/\/cinema.video\/?p=289187"},"modified":"2026-04-10T03:53:43","modified_gmt":"2026-04-10T01:53:43","slug":"europa-creativa-una-federazione-per-il-green-deal","status":"publish","type":"post","link":"https:\/\/cinema.video\/it\/europa-creativa-una-federazione-per-il-green-deal","title":{"rendered":"EUROPA CREATIVA Una federazione per il Green Deal"},"content":{"rendered":"\n<p class=\"wp-block-paragraph\"><strong>Creare una federazione degli approcci europei al green<\/strong>, al fine di stabilire una coalizione su pratiche sostenibili che insista su tutti gli anelli della catena  audiovisiva: \u00e8 questo uno dei principali indirizzi del nuovo corso del <strong>Programma MEDIA<\/strong> che segue l\u2019emergere della tematica  ambientale come priorit\u00e0 di tutta la politica della Commissione presieduta da Von der Leyen (di cui il green deal \u00e8 una delle maggiori ambizioni), che si traduce nell\u2019obiettivo Europa a neutralit\u00e0 climatica entro il 2050.&nbsp;<\/p>\n\n\n\n<p class=\"wp-block-paragraph\">Ne ha parlato oggi, 11 maggio,&nbsp;<strong>Maria Silvia Gatta,&nbsp;<\/strong>European Commission DG CNECT &#8211; Audiovisual Industry &amp; Media programmes,&nbsp;all\u2019interno del webinar dedicato al contributo delle imprese culturali e creative europee allo sviluppo sostenibile, organizzato dal <strong>Desk Italia Europa Creativa<\/strong> in collaborazione con <strong>IDM Alto Adige <\/strong>e la<strong> Provincia Autonoma di Bolzano<\/strong><br>\u201cPer tradurre gli obiettivi politici del nuovo programma presentati dal commissario Breton lo scorso dicembre, il primo passo \u00e8 stato, -spiega Gatta, &#8211; instillare un cambiamento culturale nelle pratiche di tutti i settori dell\u2019industria audiovisiva, accompagnandoli anche nell\u2019identificare le  pratiche virtuose esistenti:&nbsp;&nbsp;siamo ottimisti su questo, perch\u00e9 il settore \u00e8 avanzato, fuori dalla politica ci si \u00e8 resi conto in anticipo di ci\u00f2 che stava accadendo sul fronte della priorit\u00e0 climatica.&#8221;<br>Gli step successivi sono quelli di &#8220;inventariare le azioni (portate avanti dai privati o dalle regioni), capire come raccogliere i vari dati e come la loro misura pu\u00f2 guidarci nell\u2019azione futura: per questo lavoreremo con diversi partner europei in primis con l\u2019Osservatorio Europeo per Audiovisivo.&#8221;<\/p>\n\n\n\n<p class=\"wp-block-paragraph\">Fra i primi della lista di questo inventario, senza dubbio la nuova certificazione <strong>Green Shooting<\/strong> di <strong>IDM Film Fund&amp;Commission dell\u2019Alto Adige<\/strong>, e il protocollo <strong>Green Film<\/strong> lanciato nel 2017 da <strong>Trentino Film Commission.&nbsp;<\/strong><\/p>\n\n\n\n<p class=\"wp-block-paragraph\">\u201cI produttori che presentano domanda di finanziamento a IDM hanno da ora in poi l\u2019opportunit\u00e0 di ottenere il certificato di Green Shooting e di avvalersi delle competenze dei sei <strong>Green Consultants<\/strong>, figure che abbiamo formato nell\u2019ultimo anno e mezzo e che hanno ottenuto ad aprile il loro titolo, &#8211; spiega<strong> Birgit Oberk\u00f6fler<\/strong>, alla guida della film commission e del fondo altoatesino.-  Si tratta prevalentemente di location scout e manager che vengono coinvolti nella fase di preparazione del film, e aiutano nella compilazione della&nbsp;&nbsp;check list con le varie voci del protocollo. Due sono gli enti di certificazione: la cooperativa&nbsp;<strong>\u00d6koinstitut S\u00fcdtirol\/Alto Adige<\/strong>, che verifica la documentazione presentata e visita il set, e l\u2019<strong>Agenzia per l\u2019ambiente e la tutela del clima della Provincia Autonoma di Bolzano \u2013Alto Adige<\/strong> che rilascia il certificato finale Green Shooting.\u201d Altro strumento molto utile, anche per la motivazione dei produttori che si \u2018convertono\u2019 al green \u00e8 il nuovo <strong>Calcolatore CO2<\/strong>, con cui, continua Oberk\u00f6fler, \u201cle produzioni potranno comparare il consumo che avrebbero avuto senza il Green Shooting con quello effettivo, ed avere un\u2019immediata idea dei risparmi\u201d.<\/p>\n\n\n\n<p class=\"wp-block-paragraph\">IDM \u00e8, inoltre, fra i sottoscrittori della <strong>Carta sulla Green Production<\/strong> stilata dall\u2019<strong>European Producers Club<\/strong> e pu\u00f2 dunque avvalersi anche del loro marchio come ulteriore prova del\u2019impegno verso la sostenibilit\u00e0 ambientale. <\/p>\n\n\n\n<p class=\"wp-block-paragraph\">L&#8217;obiettivo \u00e8, infatti, un approccio globale, e&nbsp;Oberk\u00f6fler aggiunge che l\u2019argomento verr\u00e0 affrontato quanto prima all\u2019interno dell\u2019associazione delle Film Commission Italiane, ricordando come \u201cla Germania, ad esempio, dall\u2019anno prossimo finanzier\u00e0 solo produzioni audiovisive che adottino protocolli green e lo stesso sta accadendo in Austria.\u201d<\/p>\n\n\n\n<p class=\"wp-block-paragraph\">Ha valicato da tempo e con successo i confini regionali il Green Film del Trentino, che proprio per questo ha lasciato cadere la T che inizialmente lo procedeva:&nbsp;\u201cfin da subito, circa il 50% dei produttori che richiedevano il nostro sostegno, volevano accedere al nostro disciplinare, la cui adozione, abbiamo poi stabilito, permetteva di guadagnare altri 5 punti all\u2019interno del fondo, &#8211; spiega <strong>Luca Ferrario<\/strong>, direttore di Trentino Film Commission e Vice Presidente di Italian Film Commission, ripercorrendone le tappe: da strumento per la produzione sostenibile, a marchio di certificazione, in seguito adottato da un network di realt\u00e0 italiane con l\u2019obiettivo di uniformare il pi\u00f9 possibile le regole per i produttori, e recentemente anche dall\u2019associazione di fondi regionali europei <strong>Cineregio<\/strong>.\u201d<\/p>\n\n\n\n<p class=\"wp-block-paragraph\">Ferrario ha poi ricordato alcuni soggetti europei che stanno utilizzando Green Film con modalit\u00e0 diverse: il norvegese <strong>Zefyr Media Fund,<\/strong> che non chiede attualmente la certificazione ma la costruzione di un piano sostenibilit\u00e0;&nbsp;&nbsp;il fondo belga <strong>Wallimage <\/strong>che dal 2021 ha introdotto certificazione GF come requisito obbligatorio per accedere al loro contributo, e <strong>Mallorca Film Commission<\/strong>, che ha inserito GF nei fondi per lo sviluppo.<\/p>\n\n\n\n<p class=\"wp-block-paragraph\">La tutela dell\u2019ambiente sar\u00e0 anche uno dei nuovi criteri guida, assieme a parit\u00e0 di genere, inclusione, rappresentazione di varie forme di diversit\u00e0, per l\u2019elargizione dei sostegni all\u2019interno dei nuovi bandi MEDIA-Europa Creativa che, ha dichiarato\u00a0<strong>Enrico Bufalini,<\/strong> Project Manager CED Italy MEDIA, Istituto Luce Cinecitt\u00e0, dovrebbero uscire il primo giugno, e saranno raggruppati in tre macrocategorie: <em>Creazione\u00a0<\/em>(dedicata ai contenuti, anche televisivi, e dove ci sar\u00e0 il nuovo bando sviluppo di opere singole, che diventer\u00e0 co-sviluppo), <em>Business <\/em>(dove troveranno  spazio i mercati e la formazione); e <em>Audience <\/em>(con tutti i sostegni selettivi alla distribuzione cinematografica, rinominati Films on The Move; le iniziative di Film Education e tutte le azioni rivolte alla promozione delle opere europee verso il pubblico).<\/p>\n\n\n\n<p class=\"wp-block-paragraph\">In apertura del convegno, Bufalini ha letto un intervento del Direttore Generale Cinema del MiC, <strong>Nicola Borrelli<\/strong>, che ha ricordato come \u201cdal 2020, all\u2019interno del Bando annuale dei contributi selettivi abbiamo inserito una voce che avvantaggia le&nbsp;&nbsp;produzioni green, segno dell&#8217; attenzione del Ministero e della DG Cinema a queste tematiche.\u201d&nbsp;<\/p>\n\n\n\n<p class=\"wp-block-paragraph\">E nel ribadire la necessit\u00e0 di armonizzazione e federazione delle pratiche a livello europeo, dando concretezza al dialogo, assicura Gatta, \u201csiamo in contatto con i fondi nazionali e regionali e nei mesi a venire intendiamo proseguire e rilanciare questa discussione\u201d. Il prossimo appuntamento, dice, \u00e8 al Festival di Cannes.<\/p>\n","protected":false},"excerpt":{"rendered":"<p>Il Green Deal per le industrie creative e culturali \u00e8 stato il tema del webinar organizzato l&#8217;11 maggio dal Desk Italia Europa Creativa in collaborazione con IDM Alto Adige e la Provincia Autonoma di Bolzano. Gli interventi di Maria Silvia Gatta e di Enrico Bufalini. Le esperienze di Green Film di Trentino Film Commission e del nuovo Green Shooting di IDM Film Fund&#038;Commission dell&#8217;Alto Adige<\/p>\n","protected":false},"author":2,"featured_media":289189,"comment_status":"closed","ping_status":"closed","sticky":false,"template":"","format":"standard","meta":{"googlesitekit_rrm_CAow3e7fCw:productID":"","_crdt_document":"","footnotes":""},"categories":[198,545],"tags":[2318,510,2336,393],"class_list":{"0":"post-289187","1":"post","2":"type-post","3":"status-publish","4":"format-standard","5":"has-post-thumbnail","7":"category-industry","8":"category-tax-incentives","9":"tag-green","10":"tag-idm-film-fundcommission","11":"tag-tax-incentives","12":"tag-trentino-film-commission"},"yoast_head":"<!-- This site is optimized with the Yoast SEO Premium plugin v27.4 (Yoast SEO v27.5) - https:\/\/yoast.com\/product\/yoast-seo-premium-wordpress\/ -->\n<title>EUROPA CREATIVA Una federazione per il Green Deal - Cinema &amp; Video International<\/title>\n<meta name=\"description\" content=\"EUROPA CREATIVA Una federazione per il Green Deal \u2013 europa creativa una federazione per il. Creare una federazione degli approcci europei al green, al fin\" \/>\n<meta name=\"robots\" content=\"index, follow, max-snippet:-1, max-image-preview:large, max-video-preview:-1\" \/>\n<link rel=\"canonical\" href=\"https:\/\/cinema.video\/it\/europa-creativa-una-federazione-per-il-green-deal\" \/>\n<meta property=\"og:locale\" content=\"it_IT\" \/>\n<meta property=\"og:type\" content=\"article\" \/>\n<meta property=\"og:title\" content=\"EUROPA CREATIVA Una federazione per il Green Deal\" \/>\n<meta property=\"og:description\" content=\"EUROPA CREATIVA Una federazione per il Green Deal \u2013 europa creativa una federazione per il. Creare una federazione degli approcci europei al green, al fin\" \/>\n<meta property=\"og:url\" content=\"https:\/\/cinema.video\/it\/europa-creativa-una-federazione-per-il-green-deal\" \/>\n<meta property=\"og:site_name\" content=\"Cinema &amp; Video International\" \/>\n<meta property=\"article:publisher\" content=\"https:\/\/www.facebook.com\/CinemaVideoInternational\/\" \/>\n<meta property=\"article:published_time\" content=\"2021-05-11T14:59:05+00:00\" \/>\n<meta property=\"article:modified_time\" content=\"2026-04-10T01:53:43+00:00\" \/>\n<meta property=\"og:image\" content=\"https:\/\/cinema.video\/wp-content\/uploads\/2021\/05\/media.png\" \/>\n\t<meta property=\"og:image:width\" content=\"728\" \/>\n\t<meta property=\"og:image:height\" content=\"447\" \/>\n\t<meta property=\"og:image:type\" content=\"image\/png\" \/>\n<meta name=\"author\" content=\"Carolina Mancini\" \/>\n<meta name=\"twitter:card\" content=\"summary_large_image\" \/>\n<meta name=\"twitter:label1\" content=\"Scritto da\" \/>\n\t<meta name=\"twitter:data1\" content=\"Carolina Mancini\" \/>\n\t<meta name=\"twitter:label2\" content=\"Tempo di lettura stimato\" \/>\n\t<meta name=\"twitter:data2\" content=\"5 minuti\" \/>\n<script type=\"application\/ld+json\" class=\"yoast-schema-graph\">{\"@context\":\"https:\\\/\\\/schema.org\",\"@graph\":[{\"@type\":\"Article\",\"@id\":\"https:\\\/\\\/cinema.video\\\/it\\\/europa-creativa-una-federazione-per-il-green-deal#article\",\"isPartOf\":{\"@id\":\"https:\\\/\\\/cinema.video\\\/it\\\/europa-creativa-una-federazione-per-il-green-deal\"},\"author\":{\"name\":\"Carolina Mancini\",\"@id\":\"https:\\\/\\\/cinema.video\\\/it#\\\/schema\\\/person\\\/d5479fad8d0f2360000eb4aab6bb6e5d\"},\"headline\":\"EUROPA CREATIVA Una federazione per il Green Deal\",\"datePublished\":\"2021-05-11T14:59:05+00:00\",\"dateModified\":\"2026-04-10T01:53:43+00:00\",\"mainEntityOfPage\":{\"@id\":\"https:\\\/\\\/cinema.video\\\/it\\\/europa-creativa-una-federazione-per-il-green-deal\"},\"wordCount\":981,\"publisher\":{\"@id\":\"https:\\\/\\\/cinema.video\\\/it#organization\"},\"image\":{\"@id\":\"https:\\\/\\\/cinema.video\\\/it\\\/europa-creativa-una-federazione-per-il-green-deal#primaryimage\"},\"thumbnailUrl\":\"https:\\\/\\\/cinema.video\\\/wp-content\\\/uploads\\\/2021\\\/05\\\/media.png\",\"keywords\":[\"GREEN\",\"IDM Film Fund&amp;Commission\",\"TAX INCENTIVES\",\"TRENTINO FILM COMMISSION\"],\"articleSection\":[\"INDUSTRY\",\"TAX INCENTIVES\"],\"inLanguage\":\"it-IT\"},{\"@type\":\"WebPage\",\"@id\":\"https:\\\/\\\/cinema.video\\\/it\\\/europa-creativa-una-federazione-per-il-green-deal\",\"url\":\"https:\\\/\\\/cinema.video\\\/it\\\/europa-creativa-una-federazione-per-il-green-deal\",\"name\":\"EUROPA CREATIVA Una federazione per il Green Deal - Cinema &amp; Video International\",\"isPartOf\":{\"@id\":\"https:\\\/\\\/cinema.video\\\/it#website\"},\"primaryImageOfPage\":{\"@id\":\"https:\\\/\\\/cinema.video\\\/it\\\/europa-creativa-una-federazione-per-il-green-deal#primaryimage\"},\"image\":{\"@id\":\"https:\\\/\\\/cinema.video\\\/it\\\/europa-creativa-una-federazione-per-il-green-deal#primaryimage\"},\"thumbnailUrl\":\"https:\\\/\\\/cinema.video\\\/wp-content\\\/uploads\\\/2021\\\/05\\\/media.png\",\"datePublished\":\"2021-05-11T14:59:05+00:00\",\"dateModified\":\"2026-04-10T01:53:43+00:00\",\"description\":\"EUROPA CREATIVA Una federazione per il Green Deal \u2013 europa creativa una federazione per il. Creare una federazione degli approcci europei al green, al fin\",\"breadcrumb\":{\"@id\":\"https:\\\/\\\/cinema.video\\\/it\\\/europa-creativa-una-federazione-per-il-green-deal#breadcrumb\"},\"inLanguage\":\"it-IT\",\"potentialAction\":[{\"@type\":\"ReadAction\",\"target\":[\"https:\\\/\\\/cinema.video\\\/it\\\/europa-creativa-una-federazione-per-il-green-deal\"]}]},{\"@type\":\"ImageObject\",\"inLanguage\":\"it-IT\",\"@id\":\"https:\\\/\\\/cinema.video\\\/it\\\/europa-creativa-una-federazione-per-il-green-deal#primaryimage\",\"url\":\"https:\\\/\\\/cinema.video\\\/wp-content\\\/uploads\\\/2021\\\/05\\\/media.png\",\"contentUrl\":\"https:\\\/\\\/cinema.video\\\/wp-content\\\/uploads\\\/2021\\\/05\\\/media.png\",\"width\":728,\"height\":447},{\"@type\":\"BreadcrumbList\",\"@id\":\"https:\\\/\\\/cinema.video\\\/it\\\/europa-creativa-una-federazione-per-il-green-deal#breadcrumb\",\"itemListElement\":[{\"@type\":\"ListItem\",\"position\":1,\"name\":\"Home\",\"item\":\"https:\\\/\\\/cinema.video\\\/it\\\/home-2\"},{\"@type\":\"ListItem\",\"position\":2,\"name\":\"EUROPA CREATIVA Una federazione per il Green Deal\"}]},{\"@type\":\"WebSite\",\"@id\":\"https:\\\/\\\/cinema.video\\\/it#website\",\"url\":\"https:\\\/\\\/cinema.video\\\/it\",\"name\":\"Cinema & Video International\",\"description\":\"Film &amp; Audiovisual Industry Trade Magazine\",\"publisher\":{\"@id\":\"https:\\\/\\\/cinema.video\\\/it#organization\"},\"alternateName\":\"Cinema & Video\",\"potentialAction\":[{\"@type\":\"SearchAction\",\"target\":{\"@type\":\"EntryPoint\",\"urlTemplate\":\"https:\\\/\\\/cinema.video\\\/it?s={search_term_string}\"},\"query-input\":{\"@type\":\"PropertyValueSpecification\",\"valueRequired\":true,\"valueName\":\"search_term_string\"}}],\"inLanguage\":\"it-IT\"},{\"@type\":\"Organization\",\"@id\":\"https:\\\/\\\/cinema.video\\\/it#organization\",\"name\":\"Cinema & Video\",\"url\":\"https:\\\/\\\/cinema.video\\\/it\",\"logo\":{\"@type\":\"ImageObject\",\"inLanguage\":\"it-IT\",\"@id\":\"https:\\\/\\\/cinema.video\\\/it#\\\/schema\\\/logo\\\/image\\\/\",\"url\":\"https:\\\/\\\/cinema.video\\\/wp-content\\\/uploads\\\/2026\\\/04\\\/CinemVideo_LogoBlack.png\",\"contentUrl\":\"https:\\\/\\\/cinema.video\\\/wp-content\\\/uploads\\\/2026\\\/04\\\/CinemVideo_LogoBlack.png\",\"width\":1336,\"height\":224,\"caption\":\"Cinema & Video\"},\"image\":{\"@id\":\"https:\\\/\\\/cinema.video\\\/it#\\\/schema\\\/logo\\\/image\\\/\"},\"sameAs\":[\"https:\\\/\\\/www.facebook.com\\\/CinemaVideoInternational\\\/\",\"https:\\\/\\\/www.instagram.com\\\/cinemaevideointernational\\\/\",\"https:\\\/\\\/it.linkedin.com\\\/company\\\/cinema-video-international\"],\"description\":\"Media Consulting & Marketing Agency\",\"email\":\"hello@darostudio.com\",\"legalName\":\"DARO studio LLC\",\"foundingDate\":\"2021-02-16\",\"numberOfEmployees\":{\"@type\":\"QuantitativeValue\",\"minValue\":\"1\",\"maxValue\":\"10\"}},{\"@type\":\"Person\",\"@id\":\"https:\\\/\\\/cinema.video\\\/it#\\\/schema\\\/person\\\/d5479fad8d0f2360000eb4aab6bb6e5d\",\"name\":\"Carolina Mancini\",\"image\":{\"@type\":\"ImageObject\",\"inLanguage\":\"it-IT\",\"@id\":\"https:\\\/\\\/secure.gravatar.com\\\/avatar\\\/d4758965c5e8730dbaaa7131a628547771a26c1e5bf14fe323d96f8246a62baf?s=96&d=mm&r=g\",\"url\":\"https:\\\/\\\/secure.gravatar.com\\\/avatar\\\/d4758965c5e8730dbaaa7131a628547771a26c1e5bf14fe323d96f8246a62baf?s=96&d=mm&r=g\",\"contentUrl\":\"https:\\\/\\\/secure.gravatar.com\\\/avatar\\\/d4758965c5e8730dbaaa7131a628547771a26c1e5bf14fe323d96f8246a62baf?s=96&d=mm&r=g\",\"caption\":\"Carolina Mancini\"},\"url\":\"https:\\\/\\\/cinema.video\\\/it\\\/author\\\/carolin\"}]}<\/script>\n<!-- \/ Yoast SEO Premium plugin. -->","yoast_head_json":{"title":"EUROPA CREATIVA Una federazione per il Green Deal - Cinema &amp; Video International","description":"EUROPA CREATIVA Una federazione per il Green Deal \u2013 europa creativa una federazione per il. Creare una federazione degli approcci europei al green, al fin","robots":{"index":"index","follow":"follow","max-snippet":"max-snippet:-1","max-image-preview":"max-image-preview:large","max-video-preview":"max-video-preview:-1"},"canonical":"https:\/\/cinema.video\/it\/europa-creativa-una-federazione-per-il-green-deal","og_locale":"it_IT","og_type":"article","og_title":"EUROPA CREATIVA Una federazione per il Green Deal","og_description":"EUROPA CREATIVA Una federazione per il Green Deal \u2013 europa creativa una federazione per il. Creare una federazione degli approcci europei al green, al fin","og_url":"https:\/\/cinema.video\/it\/europa-creativa-una-federazione-per-il-green-deal","og_site_name":"Cinema &amp; Video International","article_publisher":"https:\/\/www.facebook.com\/CinemaVideoInternational\/","article_published_time":"2021-05-11T14:59:05+00:00","article_modified_time":"2026-04-10T01:53:43+00:00","og_image":[{"width":728,"height":447,"url":"https:\/\/cinema.video\/wp-content\/uploads\/2021\/05\/media.png","type":"image\/png"}],"author":"Carolina Mancini","twitter_card":"summary_large_image","twitter_misc":{"Scritto da":"Carolina Mancini","Tempo di lettura stimato":"5 minuti"},"schema":{"@context":"https:\/\/schema.org","@graph":[{"@type":"Article","@id":"https:\/\/cinema.video\/it\/europa-creativa-una-federazione-per-il-green-deal#article","isPartOf":{"@id":"https:\/\/cinema.video\/it\/europa-creativa-una-federazione-per-il-green-deal"},"author":{"name":"Carolina Mancini","@id":"https:\/\/cinema.video\/it#\/schema\/person\/d5479fad8d0f2360000eb4aab6bb6e5d"},"headline":"EUROPA CREATIVA Una federazione per il Green Deal","datePublished":"2021-05-11T14:59:05+00:00","dateModified":"2026-04-10T01:53:43+00:00","mainEntityOfPage":{"@id":"https:\/\/cinema.video\/it\/europa-creativa-una-federazione-per-il-green-deal"},"wordCount":981,"publisher":{"@id":"https:\/\/cinema.video\/it#organization"},"image":{"@id":"https:\/\/cinema.video\/it\/europa-creativa-una-federazione-per-il-green-deal#primaryimage"},"thumbnailUrl":"https:\/\/cinema.video\/wp-content\/uploads\/2021\/05\/media.png","keywords":["GREEN","IDM Film Fund&amp;Commission","TAX INCENTIVES","TRENTINO FILM COMMISSION"],"articleSection":["INDUSTRY","TAX INCENTIVES"],"inLanguage":"it-IT"},{"@type":"WebPage","@id":"https:\/\/cinema.video\/it\/europa-creativa-una-federazione-per-il-green-deal","url":"https:\/\/cinema.video\/it\/europa-creativa-una-federazione-per-il-green-deal","name":"EUROPA CREATIVA Una federazione per il Green Deal - Cinema &amp; Video International","isPartOf":{"@id":"https:\/\/cinema.video\/it#website"},"primaryImageOfPage":{"@id":"https:\/\/cinema.video\/it\/europa-creativa-una-federazione-per-il-green-deal#primaryimage"},"image":{"@id":"https:\/\/cinema.video\/it\/europa-creativa-una-federazione-per-il-green-deal#primaryimage"},"thumbnailUrl":"https:\/\/cinema.video\/wp-content\/uploads\/2021\/05\/media.png","datePublished":"2021-05-11T14:59:05+00:00","dateModified":"2026-04-10T01:53:43+00:00","description":"EUROPA CREATIVA Una federazione per il Green Deal \u2013 europa creativa una federazione per il. Creare una federazione degli approcci europei al green, al fin","breadcrumb":{"@id":"https:\/\/cinema.video\/it\/europa-creativa-una-federazione-per-il-green-deal#breadcrumb"},"inLanguage":"it-IT","potentialAction":[{"@type":"ReadAction","target":["https:\/\/cinema.video\/it\/europa-creativa-una-federazione-per-il-green-deal"]}]},{"@type":"ImageObject","inLanguage":"it-IT","@id":"https:\/\/cinema.video\/it\/europa-creativa-una-federazione-per-il-green-deal#primaryimage","url":"https:\/\/cinema.video\/wp-content\/uploads\/2021\/05\/media.png","contentUrl":"https:\/\/cinema.video\/wp-content\/uploads\/2021\/05\/media.png","width":728,"height":447},{"@type":"BreadcrumbList","@id":"https:\/\/cinema.video\/it\/europa-creativa-una-federazione-per-il-green-deal#breadcrumb","itemListElement":[{"@type":"ListItem","position":1,"name":"Home","item":"https:\/\/cinema.video\/it\/home-2"},{"@type":"ListItem","position":2,"name":"EUROPA CREATIVA Una federazione per il Green Deal"}]},{"@type":"WebSite","@id":"https:\/\/cinema.video\/it#website","url":"https:\/\/cinema.video\/it","name":"Cinema & Video International","description":"Film &amp; Audiovisual Industry Trade Magazine","publisher":{"@id":"https:\/\/cinema.video\/it#organization"},"alternateName":"Cinema & Video","potentialAction":[{"@type":"SearchAction","target":{"@type":"EntryPoint","urlTemplate":"https:\/\/cinema.video\/it?s={search_term_string}"},"query-input":{"@type":"PropertyValueSpecification","valueRequired":true,"valueName":"search_term_string"}}],"inLanguage":"it-IT"},{"@type":"Organization","@id":"https:\/\/cinema.video\/it#organization","name":"Cinema & Video","url":"https:\/\/cinema.video\/it","logo":{"@type":"ImageObject","inLanguage":"it-IT","@id":"https:\/\/cinema.video\/it#\/schema\/logo\/image\/","url":"https:\/\/cinema.video\/wp-content\/uploads\/2026\/04\/CinemVideo_LogoBlack.png","contentUrl":"https:\/\/cinema.video\/wp-content\/uploads\/2026\/04\/CinemVideo_LogoBlack.png","width":1336,"height":224,"caption":"Cinema & Video"},"image":{"@id":"https:\/\/cinema.video\/it#\/schema\/logo\/image\/"},"sameAs":["https:\/\/www.facebook.com\/CinemaVideoInternational\/","https:\/\/www.instagram.com\/cinemaevideointernational\/","https:\/\/it.linkedin.com\/company\/cinema-video-international"],"description":"Media Consulting & Marketing Agency","email":"hello@darostudio.com","legalName":"DARO studio LLC","foundingDate":"2021-02-16","numberOfEmployees":{"@type":"QuantitativeValue","minValue":"1","maxValue":"10"}},{"@type":"Person","@id":"https:\/\/cinema.video\/it#\/schema\/person\/d5479fad8d0f2360000eb4aab6bb6e5d","name":"Carolina Mancini","image":{"@type":"ImageObject","inLanguage":"it-IT","@id":"https:\/\/secure.gravatar.com\/avatar\/d4758965c5e8730dbaaa7131a628547771a26c1e5bf14fe323d96f8246a62baf?s=96&d=mm&r=g","url":"https:\/\/secure.gravatar.com\/avatar\/d4758965c5e8730dbaaa7131a628547771a26c1e5bf14fe323d96f8246a62baf?s=96&d=mm&r=g","contentUrl":"https:\/\/secure.gravatar.com\/avatar\/d4758965c5e8730dbaaa7131a628547771a26c1e5bf14fe323d96f8246a62baf?s=96&d=mm&r=g","caption":"Carolina Mancini"},"url":"https:\/\/cinema.video\/it\/author\/carolin"}]}},"jetpack_featured_media_url":"https:\/\/cinema.video\/wp-content\/uploads\/2021\/05\/media.png","jetpack_shortlink":"https:\/\/wp.me\/ph672m-1dej","_links":{"self":[{"href":"https:\/\/cinema.video\/it\/wp-json\/wp\/v2\/posts\/289187","targetHints":{"allow":["GET"]}}],"collection":[{"href":"https:\/\/cinema.video\/it\/wp-json\/wp\/v2\/posts"}],"about":[{"href":"https:\/\/cinema.video\/it\/wp-json\/wp\/v2\/types\/post"}],"author":[{"embeddable":true,"href":"https:\/\/cinema.video\/it\/wp-json\/wp\/v2\/users\/2"}],"replies":[{"embeddable":true,"href":"https:\/\/cinema.video\/it\/wp-json\/wp\/v2\/comments?post=289187"}],"version-history":[{"count":2,"href":"https:\/\/cinema.video\/it\/wp-json\/wp\/v2\/posts\/289187\/revisions"}],"predecessor-version":[{"id":308260,"href":"https:\/\/cinema.video\/it\/wp-json\/wp\/v2\/posts\/289187\/revisions\/308260"}],"wp:featuredmedia":[{"embeddable":true,"href":"https:\/\/cinema.video\/it\/wp-json\/wp\/v2\/media\/289189"}],"wp:attachment":[{"href":"https:\/\/cinema.video\/it\/wp-json\/wp\/v2\/media?parent=289187"}],"wp:term":[{"taxonomy":"category","embeddable":true,"href":"https:\/\/cinema.video\/it\/wp-json\/wp\/v2\/categories?post=289187"},{"taxonomy":"post_tag","embeddable":true,"href":"https:\/\/cinema.video\/it\/wp-json\/wp\/v2\/tags?post=289187"}],"curies":[{"name":"wp","href":"https:\/\/api.w.org\/{rel}","templated":true}]}}