{"id":289108,"date":"2021-05-05T19:42:56","date_gmt":"2021-05-05T17:42:56","guid":{"rendered":"https:\/\/cinema.video\/?p=289108"},"modified":"2026-04-10T03:53:37","modified_gmt":"2026-04-10T01:53:37","slug":"franceschini-alle-categorie-fate-un-accordo-e-io-lo-ratifico","status":"publish","type":"post","link":"https:\/\/cinema.video\/it\/franceschini-alle-categorie-fate-un-accordo-e-io-lo-ratifico","title":{"rendered":"Franceschini sulle windows Sono pronto a rivedere il decreto anche prima del termine fissato. Fate un accordo e io lo ratifico"},"content":{"rendered":"\n<p class=\"wp-block-paragraph\">Come previsto e auspicato, l\u2019incontro istituzionale <strong>Ritorno al Cinema<\/strong> che questo pomeriggio ha ufficialmente chiuso le <strong>Giornate Professionali di Cinema Reload,<\/strong> \u00e8 stato prezioso per chiarire i rapporti tra le categorie della filiera e soprattutto tra queste e il MIC.<\/p>\n\n\n\n<p class=\"wp-block-paragraph\">Soprattutto per quel che concerne il \u201cfamigerato\u201d <a href=\"https:\/\/cinema.video\/riaperture-il-decreto-che-rovina-la-festa-agli-esercenti\">decreto<\/a> del MIC del 1<sup>o<\/sup> maggio, che ridefinisce l\u2019obbligo di uscita in sala per i film italiani introducendo, fino al 31 dicembre, nuove disposizioni che consentono  per l\u2019uscita in streaming e televisione, una finestra di 30 giorni dalla data di prima uscita al cinema.<\/p>\n\n\n\n<p class=\"wp-block-paragraph\">La prima notizia \u00e8 che il decreto, fortemente avversato dagli esercenti nella persona del suo presidente <strong>Lorini<\/strong>, non l\u2019hanno chiesto n\u00e9 i distributori n\u00e9 i produttori ( lo hanno detto, nell\u2019incontro, i presidenti <strong>Francesca Cima<\/strong> e <strong>Luigi Lonigro<\/strong>).<\/p>\n\n\n\n<p class=\"wp-block-paragraph\">Se ne \u00e8 assunto la responsabilit\u00e0 il Ministro della Cultura <strong>Dario Franceschini<\/strong>: collegatosi con la manifestazione, ha giustificato il decreto sottolineandone le buone intenzioni ( \u201cdiminuire il differenziale tra film italiani e film stranieri\u201d), ma soprattutto la natura transitoria della misura.<\/p>\n\n\n\n<p class=\"wp-block-paragraph\">Con prontezza Franceschini \u2013 questa \u00e8 la seconda e pi\u00f9 importante notizia &#8211; si \u00e8 rivolto ai tre presidenti (degli esercenti, dei distributori e dei produttori), e, ispirandosi al modello francese, ha rilanciato: \u201csono pronto a rivedere il decreto, anche prima del termine fissato. Aspetto da voi una proposta: fate un accordo tra le parti e io la ratifico con decreto ministeriale\u201d. Ha aggiunto poi altri nodi da sciogliere, come la concentrazione dei film a Natale, e gli incentivi che \u201cvanno aggiustati\u201d. Anche qui l\u2019invito: \u201cFate una proposta\u201d.<\/p>\n\n\n\n<p class=\"wp-block-paragraph\">Tutto cambia, Franceschini ne \u00e8 convinto, e chiede retoricamente: \u201csiamo sicuri che piattaforme e sale siano in competizione?\u201d. L\u2019obiettivo, ribadisce, \u00e8 \u201callargare la platea\u201d. Ma , ricollegandosi ai sostegni di cui ha beneficiato il settore, ha assicurato che questi non cesseranno con la fine della pandemia; rispolverando l\u2019eccezione culturale rispetto alle logiche di mercato, ha detto: \u201ctutte le attivit\u00e0 vanno aiutate, ma alcuni settori come le sale cinematografiche (e le librerie) hanno un valore sociale che giustifica l\u2019aiuto dello Stato\u201d. Infine, sul controverso orario del coprifuoco ( la richiesta \u00e8 spostarla di un\u2019ora), il Ministro della Cultura non ha infiammato gli animi, limitandosi a dire che anche il cinema dovr\u00e0 adeguarsi alle regole generali le quali, come \u00e8 noto, dipendono dall\u2019andamento della pandemia.<\/p>\n","protected":false},"excerpt":{"rendered":"<p>L&#8217;intervento del Ministro Franceschini all\u2019incontro di chiusura delle Giornate Professionali di Cinema Reload<\/p>\n","protected":false},"author":3,"featured_media":289109,"comment_status":"closed","ping_status":"closed","sticky":false,"template":"","format":"standard","meta":{"googlesitekit_rrm_CAow3e7fCw:productID":"","_crdt_document":"","footnotes":""},"categories":[1],"tags":[607],"class_list":{"0":"post-289108","1":"post","2":"type-post","3":"status-publish","4":"format-standard","5":"has-post-thumbnail","7":"category-senza-categoria","8":"tag-mic"},"yoast_head":"<!-- This site is optimized with the Yoast SEO Premium plugin v27.4 (Yoast SEO v27.5) - https:\/\/yoast.com\/product\/yoast-seo-premium-wordpress\/ -->\n<title>Franceschini sulle windows Sono pronto a rivedere il decreto anche prima del termine fissato. Fate un accordo e io lo ratifico - Cinema &amp; Video International<\/title>\n<meta name=\"description\" content=\"Franceschini sulle windows Sono pronto a rivedere il decreto anche prima del termine fissato. Fate un accordo e io lo ratifico \u2013 franceschini sulle windows\" \/>\n<meta name=\"robots\" content=\"index, follow, max-snippet:-1, max-image-preview:large, max-video-preview:-1\" \/>\n<link rel=\"canonical\" href=\"https:\/\/cinema.video\/it\/franceschini-alle-categorie-fate-un-accordo-e-io-lo-ratifico\" \/>\n<meta property=\"og:locale\" content=\"it_IT\" \/>\n<meta property=\"og:type\" content=\"article\" \/>\n<meta property=\"og:title\" content=\"Franceschini sulle windows Sono pronto a rivedere il decreto anche prima del termine fissato. Fate un accordo e io lo ratifico\" \/>\n<meta property=\"og:description\" content=\"Franceschini sulle windows Sono pronto a rivedere il decreto anche prima del termine fissato. Fate un accordo e io lo ratifico \u2013 franceschini sulle windows\" \/>\n<meta property=\"og:url\" content=\"https:\/\/cinema.video\/it\/franceschini-alle-categorie-fate-un-accordo-e-io-lo-ratifico\" \/>\n<meta property=\"og:site_name\" content=\"Cinema &amp; Video International\" \/>\n<meta property=\"article:publisher\" content=\"https:\/\/www.facebook.com\/CinemaVideoInternational\/\" \/>\n<meta property=\"article:published_time\" content=\"2021-05-05T17:42:56+00:00\" \/>\n<meta property=\"article:modified_time\" content=\"2026-04-10T01:53:37+00:00\" \/>\n<meta property=\"og:image\" content=\"https:\/\/cinema.video\/wp-content\/uploads\/2021\/05\/franceschini-1024x576.png\" \/>\n\t<meta property=\"og:image:width\" content=\"1024\" \/>\n\t<meta property=\"og:image:height\" content=\"576\" \/>\n\t<meta property=\"og:image:type\" content=\"image\/png\" \/>\n<meta name=\"author\" content=\"Paolo di Maira\" \/>\n<meta name=\"twitter:card\" content=\"summary_large_image\" \/>\n<meta name=\"twitter:label1\" content=\"Scritto da\" \/>\n\t<meta name=\"twitter:data1\" content=\"Paolo di Maira\" \/>\n\t<meta name=\"twitter:label2\" content=\"Tempo di lettura stimato\" \/>\n\t<meta name=\"twitter:data2\" content=\"2 minuti\" \/>\n<script type=\"application\/ld+json\" class=\"yoast-schema-graph\">{\"@context\":\"https:\\\/\\\/schema.org\",\"@graph\":[{\"@type\":\"Article\",\"@id\":\"https:\\\/\\\/cinema.video\\\/it\\\/franceschini-alle-categorie-fate-un-accordo-e-io-lo-ratifico#article\",\"isPartOf\":{\"@id\":\"https:\\\/\\\/cinema.video\\\/it\\\/franceschini-alle-categorie-fate-un-accordo-e-io-lo-ratifico\"},\"author\":{\"name\":\"Paolo di Maira\",\"@id\":\"https:\\\/\\\/cinema.video\\\/it#\\\/schema\\\/person\\\/f8104a60677fb10fe493beb104706772\"},\"headline\":\"Franceschini sulle windows Sono pronto a rivedere il decreto anche prima del termine fissato. Fate un accordo e io lo ratifico\",\"datePublished\":\"2021-05-05T17:42:56+00:00\",\"dateModified\":\"2026-04-10T01:53:37+00:00\",\"mainEntityOfPage\":{\"@id\":\"https:\\\/\\\/cinema.video\\\/it\\\/franceschini-alle-categorie-fate-un-accordo-e-io-lo-ratifico\"},\"wordCount\":397,\"publisher\":{\"@id\":\"https:\\\/\\\/cinema.video\\\/it#organization\"},\"image\":{\"@id\":\"https:\\\/\\\/cinema.video\\\/it\\\/franceschini-alle-categorie-fate-un-accordo-e-io-lo-ratifico#primaryimage\"},\"thumbnailUrl\":\"https:\\\/\\\/cinema.video\\\/wp-content\\\/uploads\\\/2021\\\/05\\\/franceschini.png\",\"keywords\":[\"MIC\"],\"inLanguage\":\"it-IT\"},{\"@type\":\"WebPage\",\"@id\":\"https:\\\/\\\/cinema.video\\\/it\\\/franceschini-alle-categorie-fate-un-accordo-e-io-lo-ratifico\",\"url\":\"https:\\\/\\\/cinema.video\\\/it\\\/franceschini-alle-categorie-fate-un-accordo-e-io-lo-ratifico\",\"name\":\"Franceschini sulle windows Sono pronto a rivedere il decreto anche prima del termine fissato. Fate un accordo e io lo ratifico - Cinema &amp; Video International\",\"isPartOf\":{\"@id\":\"https:\\\/\\\/cinema.video\\\/it#website\"},\"primaryImageOfPage\":{\"@id\":\"https:\\\/\\\/cinema.video\\\/it\\\/franceschini-alle-categorie-fate-un-accordo-e-io-lo-ratifico#primaryimage\"},\"image\":{\"@id\":\"https:\\\/\\\/cinema.video\\\/it\\\/franceschini-alle-categorie-fate-un-accordo-e-io-lo-ratifico#primaryimage\"},\"thumbnailUrl\":\"https:\\\/\\\/cinema.video\\\/wp-content\\\/uploads\\\/2021\\\/05\\\/franceschini.png\",\"datePublished\":\"2021-05-05T17:42:56+00:00\",\"dateModified\":\"2026-04-10T01:53:37+00:00\",\"description\":\"Franceschini sulle windows Sono pronto a rivedere il decreto anche prima del termine fissato. Fate un accordo e io lo ratifico \u2013 franceschini sulle windows\",\"breadcrumb\":{\"@id\":\"https:\\\/\\\/cinema.video\\\/it\\\/franceschini-alle-categorie-fate-un-accordo-e-io-lo-ratifico#breadcrumb\"},\"inLanguage\":\"it-IT\",\"potentialAction\":[{\"@type\":\"ReadAction\",\"target\":[\"https:\\\/\\\/cinema.video\\\/it\\\/franceschini-alle-categorie-fate-un-accordo-e-io-lo-ratifico\"]}]},{\"@type\":\"ImageObject\",\"inLanguage\":\"it-IT\",\"@id\":\"https:\\\/\\\/cinema.video\\\/it\\\/franceschini-alle-categorie-fate-un-accordo-e-io-lo-ratifico#primaryimage\",\"url\":\"https:\\\/\\\/cinema.video\\\/wp-content\\\/uploads\\\/2021\\\/05\\\/franceschini.png\",\"contentUrl\":\"https:\\\/\\\/cinema.video\\\/wp-content\\\/uploads\\\/2021\\\/05\\\/franceschini.png\",\"width\":1920,\"height\":1080},{\"@type\":\"BreadcrumbList\",\"@id\":\"https:\\\/\\\/cinema.video\\\/it\\\/franceschini-alle-categorie-fate-un-accordo-e-io-lo-ratifico#breadcrumb\",\"itemListElement\":[{\"@type\":\"ListItem\",\"position\":1,\"name\":\"Home\",\"item\":\"https:\\\/\\\/cinema.video\\\/it\\\/home-2\"},{\"@type\":\"ListItem\",\"position\":2,\"name\":\"Franceschini sulle windows Sono pronto a rivedere il decreto anche prima del termine fissato. Fate un accordo e io lo ratifico\"}]},{\"@type\":\"WebSite\",\"@id\":\"https:\\\/\\\/cinema.video\\\/it#website\",\"url\":\"https:\\\/\\\/cinema.video\\\/it\",\"name\":\"Cinema & Video International\",\"description\":\"Film &amp; Audiovisual Industry Trade Magazine\",\"publisher\":{\"@id\":\"https:\\\/\\\/cinema.video\\\/it#organization\"},\"alternateName\":\"Cinema & Video\",\"potentialAction\":[{\"@type\":\"SearchAction\",\"target\":{\"@type\":\"EntryPoint\",\"urlTemplate\":\"https:\\\/\\\/cinema.video\\\/it?s={search_term_string}\"},\"query-input\":{\"@type\":\"PropertyValueSpecification\",\"valueRequired\":true,\"valueName\":\"search_term_string\"}}],\"inLanguage\":\"it-IT\"},{\"@type\":\"Organization\",\"@id\":\"https:\\\/\\\/cinema.video\\\/it#organization\",\"name\":\"Cinema & Video\",\"url\":\"https:\\\/\\\/cinema.video\\\/it\",\"logo\":{\"@type\":\"ImageObject\",\"inLanguage\":\"it-IT\",\"@id\":\"https:\\\/\\\/cinema.video\\\/it#\\\/schema\\\/logo\\\/image\\\/\",\"url\":\"https:\\\/\\\/cinema.video\\\/wp-content\\\/uploads\\\/2026\\\/04\\\/CinemVideo_LogoBlack.png\",\"contentUrl\":\"https:\\\/\\\/cinema.video\\\/wp-content\\\/uploads\\\/2026\\\/04\\\/CinemVideo_LogoBlack.png\",\"width\":1336,\"height\":224,\"caption\":\"Cinema & Video\"},\"image\":{\"@id\":\"https:\\\/\\\/cinema.video\\\/it#\\\/schema\\\/logo\\\/image\\\/\"},\"sameAs\":[\"https:\\\/\\\/www.facebook.com\\\/CinemaVideoInternational\\\/\",\"https:\\\/\\\/www.instagram.com\\\/cinemaevideointernational\\\/\",\"https:\\\/\\\/it.linkedin.com\\\/company\\\/cinema-video-international\"],\"description\":\"Media Consulting & Marketing Agency\",\"email\":\"hello@darostudio.com\",\"legalName\":\"DARO studio LLC\",\"foundingDate\":\"2021-02-16\",\"numberOfEmployees\":{\"@type\":\"QuantitativeValue\",\"minValue\":\"1\",\"maxValue\":\"10\"}},{\"@type\":\"Person\",\"@id\":\"https:\\\/\\\/cinema.video\\\/it#\\\/schema\\\/person\\\/f8104a60677fb10fe493beb104706772\",\"name\":\"Paolo di Maira\",\"image\":{\"@type\":\"ImageObject\",\"inLanguage\":\"it-IT\",\"@id\":\"https:\\\/\\\/secure.gravatar.com\\\/avatar\\\/771f2f1ed52288870c094eaf85ff9ee49655ec12aa7e7832c3b3e4b8f5afdf10?s=96&d=mm&r=g\",\"url\":\"https:\\\/\\\/secure.gravatar.com\\\/avatar\\\/771f2f1ed52288870c094eaf85ff9ee49655ec12aa7e7832c3b3e4b8f5afdf10?s=96&d=mm&r=g\",\"contentUrl\":\"https:\\\/\\\/secure.gravatar.com\\\/avatar\\\/771f2f1ed52288870c094eaf85ff9ee49655ec12aa7e7832c3b3e4b8f5afdf10?s=96&d=mm&r=g\",\"caption\":\"Paolo di Maira\"},\"description\":\"Paolo Di Maira, giornalista, ha fondato Cinema&amp;Video International nel 1994, portando nella nuova testata l\u2019esperienza e le risorse accumulate nella direzione di Nuovo Cinema Europeo, rivista storica dei professionisti del settore, pubblicata fino al 1993. Ha svolto attivit\u00e0 di consulenza alla comunicazione per istituzioni culturali e prestigiose aziende audiovisive. (Mifed-Fiera Milano; Rai Trade; Istituto Italiano di Scienze Umane). Le relazioni fra cinema e territorio, che da sempre occupano un posto privilegiato all\u2019interno di Cinema&amp;Video (con rubriche dedicate al cineturismo, alle attivit\u00e0 delle film commission, e ai fondi regionali all\u2019audiovisivo), lo hanno portato a fondare nel 2005, assieme ad Andrea Rocco ed Alessandro Signetto, il \u00a0Centro Studi su Audiovisivo e Territorio Luoghi&amp;Location, e a ideare a realizzare, assieme all\u2019operatore turistico Ville in Italia e a Carolina Mancini, Emotions in Italy, magazine online che si occupa di cultura, territorio ed Italian Lifestyle. Attraverso la IMPACT, azienda di cui \u00e8 titolare, edita Cinema&amp;Video International, e realizza servizi editoriali per conto terzi.\",\"url\":\"https:\\\/\\\/cinema.video\\\/it\\\/author\\\/paolo\"}]}<\/script>\n<!-- \/ Yoast SEO Premium plugin. -->","yoast_head_json":{"title":"Franceschini sulle windows Sono pronto a rivedere il decreto anche prima del termine fissato. Fate un accordo e io lo ratifico - Cinema &amp; Video International","description":"Franceschini sulle windows Sono pronto a rivedere il decreto anche prima del termine fissato. Fate un accordo e io lo ratifico \u2013 franceschini sulle windows","robots":{"index":"index","follow":"follow","max-snippet":"max-snippet:-1","max-image-preview":"max-image-preview:large","max-video-preview":"max-video-preview:-1"},"canonical":"https:\/\/cinema.video\/it\/franceschini-alle-categorie-fate-un-accordo-e-io-lo-ratifico","og_locale":"it_IT","og_type":"article","og_title":"Franceschini sulle windows Sono pronto a rivedere il decreto anche prima del termine fissato. Fate un accordo e io lo ratifico","og_description":"Franceschini sulle windows Sono pronto a rivedere il decreto anche prima del termine fissato. Fate un accordo e io lo ratifico \u2013 franceschini sulle windows","og_url":"https:\/\/cinema.video\/it\/franceschini-alle-categorie-fate-un-accordo-e-io-lo-ratifico","og_site_name":"Cinema &amp; Video International","article_publisher":"https:\/\/www.facebook.com\/CinemaVideoInternational\/","article_published_time":"2021-05-05T17:42:56+00:00","article_modified_time":"2026-04-10T01:53:37+00:00","og_image":[{"width":1024,"height":576,"url":"https:\/\/cinema.video\/wp-content\/uploads\/2021\/05\/franceschini-1024x576.png","type":"image\/png"}],"author":"Paolo di Maira","twitter_card":"summary_large_image","twitter_misc":{"Scritto da":"Paolo di Maira","Tempo di lettura stimato":"2 minuti"},"schema":{"@context":"https:\/\/schema.org","@graph":[{"@type":"Article","@id":"https:\/\/cinema.video\/it\/franceschini-alle-categorie-fate-un-accordo-e-io-lo-ratifico#article","isPartOf":{"@id":"https:\/\/cinema.video\/it\/franceschini-alle-categorie-fate-un-accordo-e-io-lo-ratifico"},"author":{"name":"Paolo di Maira","@id":"https:\/\/cinema.video\/it#\/schema\/person\/f8104a60677fb10fe493beb104706772"},"headline":"Franceschini sulle windows Sono pronto a rivedere il decreto anche prima del termine fissato. Fate un accordo e io lo ratifico","datePublished":"2021-05-05T17:42:56+00:00","dateModified":"2026-04-10T01:53:37+00:00","mainEntityOfPage":{"@id":"https:\/\/cinema.video\/it\/franceschini-alle-categorie-fate-un-accordo-e-io-lo-ratifico"},"wordCount":397,"publisher":{"@id":"https:\/\/cinema.video\/it#organization"},"image":{"@id":"https:\/\/cinema.video\/it\/franceschini-alle-categorie-fate-un-accordo-e-io-lo-ratifico#primaryimage"},"thumbnailUrl":"https:\/\/cinema.video\/wp-content\/uploads\/2021\/05\/franceschini.png","keywords":["MIC"],"inLanguage":"it-IT"},{"@type":"WebPage","@id":"https:\/\/cinema.video\/it\/franceschini-alle-categorie-fate-un-accordo-e-io-lo-ratifico","url":"https:\/\/cinema.video\/it\/franceschini-alle-categorie-fate-un-accordo-e-io-lo-ratifico","name":"Franceschini sulle windows Sono pronto a rivedere il decreto anche prima del termine fissato. Fate un accordo e io lo ratifico - Cinema &amp; Video International","isPartOf":{"@id":"https:\/\/cinema.video\/it#website"},"primaryImageOfPage":{"@id":"https:\/\/cinema.video\/it\/franceschini-alle-categorie-fate-un-accordo-e-io-lo-ratifico#primaryimage"},"image":{"@id":"https:\/\/cinema.video\/it\/franceschini-alle-categorie-fate-un-accordo-e-io-lo-ratifico#primaryimage"},"thumbnailUrl":"https:\/\/cinema.video\/wp-content\/uploads\/2021\/05\/franceschini.png","datePublished":"2021-05-05T17:42:56+00:00","dateModified":"2026-04-10T01:53:37+00:00","description":"Franceschini sulle windows Sono pronto a rivedere il decreto anche prima del termine fissato. Fate un accordo e io lo ratifico \u2013 franceschini sulle windows","breadcrumb":{"@id":"https:\/\/cinema.video\/it\/franceschini-alle-categorie-fate-un-accordo-e-io-lo-ratifico#breadcrumb"},"inLanguage":"it-IT","potentialAction":[{"@type":"ReadAction","target":["https:\/\/cinema.video\/it\/franceschini-alle-categorie-fate-un-accordo-e-io-lo-ratifico"]}]},{"@type":"ImageObject","inLanguage":"it-IT","@id":"https:\/\/cinema.video\/it\/franceschini-alle-categorie-fate-un-accordo-e-io-lo-ratifico#primaryimage","url":"https:\/\/cinema.video\/wp-content\/uploads\/2021\/05\/franceschini.png","contentUrl":"https:\/\/cinema.video\/wp-content\/uploads\/2021\/05\/franceschini.png","width":1920,"height":1080},{"@type":"BreadcrumbList","@id":"https:\/\/cinema.video\/it\/franceschini-alle-categorie-fate-un-accordo-e-io-lo-ratifico#breadcrumb","itemListElement":[{"@type":"ListItem","position":1,"name":"Home","item":"https:\/\/cinema.video\/it\/home-2"},{"@type":"ListItem","position":2,"name":"Franceschini sulle windows Sono pronto a rivedere il decreto anche prima del termine fissato. Fate un accordo e io lo ratifico"}]},{"@type":"WebSite","@id":"https:\/\/cinema.video\/it#website","url":"https:\/\/cinema.video\/it","name":"Cinema & Video International","description":"Film &amp; Audiovisual Industry Trade Magazine","publisher":{"@id":"https:\/\/cinema.video\/it#organization"},"alternateName":"Cinema & Video","potentialAction":[{"@type":"SearchAction","target":{"@type":"EntryPoint","urlTemplate":"https:\/\/cinema.video\/it?s={search_term_string}"},"query-input":{"@type":"PropertyValueSpecification","valueRequired":true,"valueName":"search_term_string"}}],"inLanguage":"it-IT"},{"@type":"Organization","@id":"https:\/\/cinema.video\/it#organization","name":"Cinema & Video","url":"https:\/\/cinema.video\/it","logo":{"@type":"ImageObject","inLanguage":"it-IT","@id":"https:\/\/cinema.video\/it#\/schema\/logo\/image\/","url":"https:\/\/cinema.video\/wp-content\/uploads\/2026\/04\/CinemVideo_LogoBlack.png","contentUrl":"https:\/\/cinema.video\/wp-content\/uploads\/2026\/04\/CinemVideo_LogoBlack.png","width":1336,"height":224,"caption":"Cinema & Video"},"image":{"@id":"https:\/\/cinema.video\/it#\/schema\/logo\/image\/"},"sameAs":["https:\/\/www.facebook.com\/CinemaVideoInternational\/","https:\/\/www.instagram.com\/cinemaevideointernational\/","https:\/\/it.linkedin.com\/company\/cinema-video-international"],"description":"Media Consulting & Marketing Agency","email":"hello@darostudio.com","legalName":"DARO studio LLC","foundingDate":"2021-02-16","numberOfEmployees":{"@type":"QuantitativeValue","minValue":"1","maxValue":"10"}},{"@type":"Person","@id":"https:\/\/cinema.video\/it#\/schema\/person\/f8104a60677fb10fe493beb104706772","name":"Paolo di Maira","image":{"@type":"ImageObject","inLanguage":"it-IT","@id":"https:\/\/secure.gravatar.com\/avatar\/771f2f1ed52288870c094eaf85ff9ee49655ec12aa7e7832c3b3e4b8f5afdf10?s=96&d=mm&r=g","url":"https:\/\/secure.gravatar.com\/avatar\/771f2f1ed52288870c094eaf85ff9ee49655ec12aa7e7832c3b3e4b8f5afdf10?s=96&d=mm&r=g","contentUrl":"https:\/\/secure.gravatar.com\/avatar\/771f2f1ed52288870c094eaf85ff9ee49655ec12aa7e7832c3b3e4b8f5afdf10?s=96&d=mm&r=g","caption":"Paolo di Maira"},"description":"Paolo Di Maira, giornalista, ha fondato Cinema&amp;Video International nel 1994, portando nella nuova testata l\u2019esperienza e le risorse accumulate nella direzione di Nuovo Cinema Europeo, rivista storica dei professionisti del settore, pubblicata fino al 1993. Ha svolto attivit\u00e0 di consulenza alla comunicazione per istituzioni culturali e prestigiose aziende audiovisive. (Mifed-Fiera Milano; Rai Trade; Istituto Italiano di Scienze Umane). Le relazioni fra cinema e territorio, che da sempre occupano un posto privilegiato all\u2019interno di Cinema&amp;Video (con rubriche dedicate al cineturismo, alle attivit\u00e0 delle film commission, e ai fondi regionali all\u2019audiovisivo), lo hanno portato a fondare nel 2005, assieme ad Andrea Rocco ed Alessandro Signetto, il \u00a0Centro Studi su Audiovisivo e Territorio Luoghi&amp;Location, e a ideare a realizzare, assieme all\u2019operatore turistico Ville in Italia e a Carolina Mancini, Emotions in Italy, magazine online che si occupa di cultura, territorio ed Italian Lifestyle. Attraverso la IMPACT, azienda di cui \u00e8 titolare, edita Cinema&amp;Video International, e realizza servizi editoriali per conto terzi.","url":"https:\/\/cinema.video\/it\/author\/paolo"}]}},"jetpack_featured_media_url":"https:\/\/cinema.video\/wp-content\/uploads\/2021\/05\/franceschini.png","jetpack_shortlink":"https:\/\/wp.me\/ph672m-1dd2","_links":{"self":[{"href":"https:\/\/cinema.video\/it\/wp-json\/wp\/v2\/posts\/289108","targetHints":{"allow":["GET"]}}],"collection":[{"href":"https:\/\/cinema.video\/it\/wp-json\/wp\/v2\/posts"}],"about":[{"href":"https:\/\/cinema.video\/it\/wp-json\/wp\/v2\/types\/post"}],"author":[{"embeddable":true,"href":"https:\/\/cinema.video\/it\/wp-json\/wp\/v2\/users\/3"}],"replies":[{"embeddable":true,"href":"https:\/\/cinema.video\/it\/wp-json\/wp\/v2\/comments?post=289108"}],"version-history":[{"count":1,"href":"https:\/\/cinema.video\/it\/wp-json\/wp\/v2\/posts\/289108\/revisions"}],"predecessor-version":[{"id":308253,"href":"https:\/\/cinema.video\/it\/wp-json\/wp\/v2\/posts\/289108\/revisions\/308253"}],"wp:featuredmedia":[{"embeddable":true,"href":"https:\/\/cinema.video\/it\/wp-json\/wp\/v2\/media\/289109"}],"wp:attachment":[{"href":"https:\/\/cinema.video\/it\/wp-json\/wp\/v2\/media?parent=289108"}],"wp:term":[{"taxonomy":"category","embeddable":true,"href":"https:\/\/cinema.video\/it\/wp-json\/wp\/v2\/categories?post=289108"},{"taxonomy":"post_tag","embeddable":true,"href":"https:\/\/cinema.video\/it\/wp-json\/wp\/v2\/tags?post=289108"}],"curies":[{"name":"wp","href":"https:\/\/api.w.org\/{rel}","templated":true}]}}