{"id":288952,"date":"2021-04-29T09:14:04","date_gmt":"2021-04-29T07:14:04","guid":{"rendered":"https:\/\/cinema.video\/?p=288952"},"modified":"2026-04-10T03:53:27","modified_gmt":"2026-04-10T01:53:27","slug":"riviera-int-ff-in-sala-puntando-a-giovani-e-ambiente","status":"publish","type":"post","link":"https:\/\/cinema.video\/it\/riviera-int-ff-in-sala-puntando-a-giovani-e-ambiente","title":{"rendered":"RIVIERA INT. FF In sala puntando a giovani e ambiente"},"content":{"rendered":"\n<p class=\"wp-block-paragraph\">Il cinema dalla parte dei giovani e dell\u2019ambiente: torna dal<strong> 20 al 30 maggio<\/strong>&nbsp;<strong>il&nbsp;&nbsp;Riviera International Film Festival di Sestri Levante,<\/strong>&nbsp;per la sua quinta edizione che si svolger\u00e0 online, su Myomovies, in sala dal 24 al 29 maggio al&nbsp;<strong>Cinema Ariston<\/strong>, e in&nbsp;una tre giorni conclusiva tutta dal vivo, nell\u2019incantevole cornice della Baia del Silenzio, con&nbsp;&nbsp;ospiti internazionali&nbsp;e un&nbsp;numero record di Masterclass, per la prima volta&nbsp;completamente gratuite&nbsp;e fruibili anche online.<\/p>\n\n\n\n<p class=\"wp-block-paragraph\">Assieme al&nbsp;presidente e fondatore del festival<strong>&nbsp;Stefano Gallini Durante,&nbsp;<\/strong>e al direttore esecutivo e co-fondatore<strong>&nbsp;Vito D\u2019Onghia,&nbsp;<\/strong>ad esprimere l\u2019orgoglio<strong>&nbsp;<\/strong>di essere fra i primi eventi in presenza a celebrarsi in Italia dopo il lockdown, anche&nbsp;<strong>Alberto Passalacqua, titolare del Cinema Ariston<\/strong>, : \u201cOspitare nuovamente le proiezioni del Riviera International Film Festival \u00e8 un forte segnale che riaccender\u00e0 i riflettori sulle sale cinematografiche. Come presidente ligure dell\u2019Associazione Nazionale Esercenti Cinema (ANEC) non posso che complimentarmi per la costanza e la tenacia con cui la direzione del Festival, nonostante la pandemia, ha portato avanti l&#8217;evento. Mai come oggi \u00e8 importante continuare a credere nella cultura e unire allo spettacolo la trasmissione dei valori pi\u00f9 importanti per la societ\u00e0 futura, a cominciare dall&#8217;educazione all&#8217;ambiente\u00bb.<\/p>\n\n\n\n<p class=\"wp-block-paragraph\">La valorizzazione dell\u2019ambiente \u00e8 intesa anche nel senso della promozione e dell\u2019attrattivit\u00e0 che il festival esercita sull\u2019area dove insiste, quella del Tigullio, come osserva l\u2019assessore alla cultura della Regione,&nbsp;&nbsp;Ilaria Cavo: \u201ccon un\u2019idea forte, quella di puntare sui giovani e sulla natura,&nbsp;&nbsp;che quest\u2019anno ha il valore in pi\u00f9 della ripartenza\u201d&nbsp;<\/p>\n\n\n\n<p class=\"wp-block-paragraph\">Molte le opere prime, di cui 13 in assoluta anteprima nazionale, e tutti under 35 i registi in gara<\/p>\n\n\n\n<p class=\"wp-block-paragraph\">Se i giovani dunque e l\u2019ambiente (pur declinato in racconti e generi molto diversi fra loro) si confermano i tratti distintivi ed identitari della manifestazione, quest\u2019anno il filo conduttore \u00e8 il tema della fuga, come spiega&nbsp;<strong>Massimo Santimone, responsabile della programmazione<\/strong>: \u00abFuga intesa come emigrazione, fuga dalla realt\u00e0, dalle convenzioni sociali o per trovare s\u00e9 stessi. Fuga dalla malattia, dall\u2019adolescenza o per amore. Nonostante questo elemento in comune, le storie sono totalmente diverse, anche a livello stilistico e visivo. Abbiamo film dall\u2019impianto pi\u00f9 classico, film pi\u00f9 sperimentali, film molto indie e altri con un\u2019impronta pi\u00f9 realistica.<\/p>\n\n\n\n<p class=\"wp-block-paragraph\">L&#8217;<strong>elenco dei film in concorso&nbsp;<\/strong>\u00e8 un viaggio che attraversa tutta Europa, supera l&#8217;Atlantico e tocca entrambe le Americhe:&nbsp;<strong>&#8220;Anne at 13,000 ft&#8221;<\/strong>&nbsp;di Kazik Radwanski (Canada);&nbsp;<strong>&#8220;As Far as I Know&#8221;<\/strong>&nbsp;di Nandor Lorincz e Balint Nagy (Ungheria);&nbsp;<strong>&#8220;Bula&#8221;<\/strong>&nbsp;di Boris Baum (Brasile\/Portogallo);&nbsp;<strong>&#8220;Eden&#8221;<\/strong>&nbsp;di Ulla Heikkil\u00e4 (Finlandia);&nbsp;<strong>&#8220;German Lessons&#8221;<\/strong>&nbsp;di Pavel G. Vesnakov (Bulgaria);&nbsp;<strong>&#8220;Model Olimpia&#8221;<\/strong>&nbsp;di Fr\u00e9d\u00e9ric Hambalek (Germania);&nbsp;<strong>&#8220;A Perfectly Normal Family&#8221;<\/strong>&nbsp;di Malou Reymann (Danimarca);&nbsp;<strong>&#8220;Spagat&#8221;<\/strong>&nbsp;di Christian Johannes Koch (Svizzera);&nbsp;<strong>&#8220;A Stormy Night\u201d<\/strong>&nbsp;di David Moragas (Spagna);&nbsp;<strong>&#8220;The Whaler Boy&#8221;<\/strong>&nbsp;di Philipp Yuryev (Russia).<\/p>\n\n\n\n<p class=\"wp-block-paragraph\">Saranno&nbsp;<strong>dieci, per la prima volta, anche i documentari<\/strong>, il cui numero raddoppia a testimonianza della sempre maggiore importanza che il Festival riconosce alle tematiche ambientali. Lungometraggi che arrivano da quattro continenti, America, Europa, Asia e Oceania:&nbsp;<strong>&#8220;A Riveder le Stelle&#8221;<\/strong>&nbsp;di Emanuele Caruso (Italia);&nbsp;<strong>&#8220;Citizen Nobel&#8221;<\/strong>&nbsp;di St\u00e9phane Go\u00ebl (Svizzera);&nbsp;<strong>&#8220;Current Sea&#8221;<\/strong>&nbsp;di Christopher Smith (Stati Uniti\/Cambogia);&nbsp;<strong>&#8220;Envoy: Shark Cull&#8221;<\/strong>&nbsp;di Andre Borell (Australia);&nbsp;<strong>&#8220;Kingdoms of Fire, Ice &amp; Fairytales&#8221;&nbsp;<\/strong>di Susan Scott e Bonn\u00e9 de Bod (Sudafrica\/Nord America);&nbsp;<strong>&#8220;The Magnitude of All Things&#8221;<\/strong>&nbsp;di Jennifer Abbott (Canada);&nbsp;<strong>&#8220;Meat The Future&#8221;<\/strong>&nbsp;di Liz Marshall (Canada);&nbsp;<strong>&#8220;Newtopia&#8221;<\/strong>&nbsp;di Audun Amundsen (Norvegia);&nbsp;<strong>&#8220;Nuclear Forever&#8221;<\/strong>&nbsp;di Carsten Rau (Germania);&nbsp;<strong>&#8220;Wood&#8221;<\/strong>&nbsp;di Monica L\u0103zurean\u2013Gorgan, Michaela Kirst, Ebba Sinzinger (Austria\/Germania\/Romania).<\/p>\n\n\n\n<p class=\"wp-block-paragraph\">Per i Film il presidente della Giuria sar\u00e0&nbsp;<strong>Kenneth Lonergan<\/strong>, regista e sceneggiatore statunitense&nbsp;Oscar per la migliore sceneggiatura originale&nbsp;nel 2017 con &#8220;Manchester by the Sea&#8221;; insieme a lui&nbsp;<strong>Ada Bonvini<\/strong>, CEO di The Family e produttrice della serie Mediaset \u201cMade in Italy\u201d; la critica cinematografica&nbsp;<strong>Paola Casella<\/strong>, l\u2019attrice<strong>&nbsp;Greta Ferro<\/strong>&nbsp;ed&nbsp;<strong>Eric Kopeloff<\/strong>, storico produttore dei film di Oliver Stone, fra cui &#8220;Snowden&#8221;.<\/p>\n\n\n\n<p class=\"wp-block-paragraph\"><strong>Presidente della Giuria Documentari<\/strong>, come gi\u00e0 annunciato,&nbsp;<strong>sar\u00e0 Andrea Crosta<\/strong>, fondatore della Earth League International, ONG innovativa specializzata in indagini undercover contro i crimini ambientali. Gli altri componenti saranno&nbsp;<strong>Maren Olson<\/strong>&nbsp;dell\u2019agenzia di Hollywood CAA, ed il giornalista e documentarista&nbsp;<strong>Davide Demichelis<\/strong>, conduttore e autore della trasmissione &#8220;Radici&#8221;, in onda su Rai 3 dal 2011.&nbsp;<\/p>\n\n\n\n<p class=\"wp-block-paragraph\">Tra gli ospiti di questa quinta edizione anche il regista&nbsp;<strong>Carlo Carlei<\/strong>, reduce dal successo della serie \u201cLa Fuggitiva\u201d appena trasmessa su Rai 1,&nbsp;<strong>Enzo Iacchetti<\/strong>&nbsp;e i&nbsp;<strong>Mokadelic<\/strong>, band italiana specializzata nella realizzazione di colonne sonore per il cinema.<\/p>\n\n\n\n<p class=\"wp-block-paragraph\"><strong>Ada Bonvini<\/strong>,<strong>&nbsp;Carlo Carlei<\/strong>,<strong>&nbsp;Andrea Crosta Eric Kopeloff<\/strong>,<strong>&nbsp;Kenneth Lonergan<\/strong>&nbsp;e i<strong>&nbsp;Mokadelic,&nbsp;<\/strong>assieme a&nbsp;<strong>Daniele Moretti<\/strong>&nbsp;di SkyTg24, saranno anche i protagonisti delle sei masterlcass, che&nbsp;si potranno seguire dal vivo&nbsp;(con un numero massimo di 80 partecipanti nel rispetto delle norme di distanziamento anti Covid\u201319) oppure in diretta streaming sui canali social ufficiali del Festival<\/p>\n\n\n\n<p class=\"wp-block-paragraph\"><strong>Il Riviera International Film Festival \u00e8 sostenuto da Regione Liguria, Comune di Sestri Levante e Mediaterraneo Servizi srl.&nbsp;<\/strong><\/p>\n","protected":false},"excerpt":{"rendered":"<p>Il cinema dalla parte dei giovani e dell\u2019ambiente: torna dal 20 al 30 maggio il  Riviera International Film Festival di Sestri Levante, per la sua quinta edizione che si svolger\u00e0 online, su Myomovies, in sala dal 24 al 29 maggio al Cinema Ariston<\/p>\n","protected":false},"author":26,"featured_media":288953,"comment_status":"closed","ping_status":"closed","sticky":false,"template":"","format":"standard","meta":{"googlesitekit_rrm_CAow3e7fCw:productID":"","_crdt_document":"","footnotes":""},"categories":[189],"tags":[2334],"class_list":{"0":"post-288952","1":"post","2":"type-post","3":"status-publish","4":"format-standard","5":"has-post-thumbnail","7":"category-events","8":"tag-events"},"yoast_head":"<!-- This site is optimized with the Yoast SEO Premium plugin v27.4 (Yoast SEO v27.5) - https:\/\/yoast.com\/product\/yoast-seo-premium-wordpress\/ -->\n<title>RIVIERA INT. FF In sala puntando a giovani e ambiente - Cinema &amp; Video International<\/title>\n<meta name=\"description\" content=\"RIVIERA INT. FF In sala puntando a giovani e ambiente \u2013 riviera int ff in sala puntando. Il cinema dalla parte dei giovani e dell\u2019ambiente: torna dal 20 a\" \/>\n<meta name=\"robots\" content=\"index, follow, max-snippet:-1, max-image-preview:large, max-video-preview:-1\" \/>\n<link rel=\"canonical\" href=\"https:\/\/cinema.video\/it\/riviera-int-ff-in-sala-puntando-a-giovani-e-ambiente\" \/>\n<meta property=\"og:locale\" content=\"it_IT\" \/>\n<meta property=\"og:type\" content=\"article\" \/>\n<meta property=\"og:title\" content=\"RIVIERA INT. FF In sala puntando a giovani e ambiente\" \/>\n<meta property=\"og:description\" content=\"RIVIERA INT. FF In sala puntando a giovani e ambiente \u2013 riviera int ff in sala puntando. Il cinema dalla parte dei giovani e dell\u2019ambiente: torna dal 20 a\" \/>\n<meta property=\"og:url\" content=\"https:\/\/cinema.video\/it\/riviera-int-ff-in-sala-puntando-a-giovani-e-ambiente\" \/>\n<meta property=\"og:site_name\" content=\"Cinema &amp; Video International\" \/>\n<meta property=\"article:publisher\" content=\"https:\/\/www.facebook.com\/CinemaVideoInternational\/\" \/>\n<meta property=\"article:published_time\" content=\"2021-04-29T07:14:04+00:00\" \/>\n<meta property=\"article:modified_time\" content=\"2026-04-10T01:53:27+00:00\" \/>\n<meta property=\"og:image\" content=\"https:\/\/cinema.video\/wp-content\/uploads\/2021\/04\/Schermata-2021-04-28-alle-12.29.13-e1619623388229.png\" \/>\n\t<meta property=\"og:image:width\" content=\"800\" \/>\n\t<meta property=\"og:image:height\" content=\"500\" \/>\n\t<meta property=\"og:image:type\" content=\"image\/png\" \/>\n<meta name=\"author\" content=\"Redazione\" \/>\n<meta name=\"twitter:card\" content=\"summary_large_image\" \/>\n<meta name=\"twitter:label1\" content=\"Scritto da\" \/>\n\t<meta name=\"twitter:data1\" content=\"Redazione\" \/>\n\t<meta name=\"twitter:label2\" content=\"Tempo di lettura stimato\" \/>\n\t<meta name=\"twitter:data2\" content=\"5 minuti\" \/>\n<script type=\"application\/ld+json\" class=\"yoast-schema-graph\">{\"@context\":\"https:\\\/\\\/schema.org\",\"@graph\":[{\"@type\":\"Article\",\"@id\":\"https:\\\/\\\/cinema.video\\\/it\\\/riviera-int-ff-in-sala-puntando-a-giovani-e-ambiente#article\",\"isPartOf\":{\"@id\":\"https:\\\/\\\/cinema.video\\\/it\\\/riviera-int-ff-in-sala-puntando-a-giovani-e-ambiente\"},\"author\":{\"name\":\"Redazione\",\"@id\":\"https:\\\/\\\/cinema.video\\\/it#\\\/schema\\\/person\\\/aeb01b91d874e8b01e76a1db04c668c6\"},\"headline\":\"RIVIERA INT. FF In sala puntando a giovani e ambiente\",\"datePublished\":\"2021-04-29T07:14:04+00:00\",\"dateModified\":\"2026-04-10T01:53:27+00:00\",\"mainEntityOfPage\":{\"@id\":\"https:\\\/\\\/cinema.video\\\/it\\\/riviera-int-ff-in-sala-puntando-a-giovani-e-ambiente\"},\"wordCount\":927,\"publisher\":{\"@id\":\"https:\\\/\\\/cinema.video\\\/it#organization\"},\"image\":{\"@id\":\"https:\\\/\\\/cinema.video\\\/it\\\/riviera-int-ff-in-sala-puntando-a-giovani-e-ambiente#primaryimage\"},\"thumbnailUrl\":\"https:\\\/\\\/cinema.video\\\/wp-content\\\/uploads\\\/2021\\\/04\\\/Schermata-2021-04-28-alle-12.29.13-e1619623388229.png\",\"keywords\":[\"EVENTS\"],\"articleSection\":[\"EVENTS\"],\"inLanguage\":\"it-IT\"},{\"@type\":\"WebPage\",\"@id\":\"https:\\\/\\\/cinema.video\\\/it\\\/riviera-int-ff-in-sala-puntando-a-giovani-e-ambiente\",\"url\":\"https:\\\/\\\/cinema.video\\\/it\\\/riviera-int-ff-in-sala-puntando-a-giovani-e-ambiente\",\"name\":\"RIVIERA INT. FF In sala puntando a giovani e ambiente - Cinema &amp; Video International\",\"isPartOf\":{\"@id\":\"https:\\\/\\\/cinema.video\\\/it#website\"},\"primaryImageOfPage\":{\"@id\":\"https:\\\/\\\/cinema.video\\\/it\\\/riviera-int-ff-in-sala-puntando-a-giovani-e-ambiente#primaryimage\"},\"image\":{\"@id\":\"https:\\\/\\\/cinema.video\\\/it\\\/riviera-int-ff-in-sala-puntando-a-giovani-e-ambiente#primaryimage\"},\"thumbnailUrl\":\"https:\\\/\\\/cinema.video\\\/wp-content\\\/uploads\\\/2021\\\/04\\\/Schermata-2021-04-28-alle-12.29.13-e1619623388229.png\",\"datePublished\":\"2021-04-29T07:14:04+00:00\",\"dateModified\":\"2026-04-10T01:53:27+00:00\",\"description\":\"RIVIERA INT. FF In sala puntando a giovani e ambiente \u2013 riviera int ff in sala puntando. Il cinema dalla parte dei giovani e dell\u2019ambiente: torna dal 20 a\",\"breadcrumb\":{\"@id\":\"https:\\\/\\\/cinema.video\\\/it\\\/riviera-int-ff-in-sala-puntando-a-giovani-e-ambiente#breadcrumb\"},\"inLanguage\":\"it-IT\",\"potentialAction\":[{\"@type\":\"ReadAction\",\"target\":[\"https:\\\/\\\/cinema.video\\\/it\\\/riviera-int-ff-in-sala-puntando-a-giovani-e-ambiente\"]}]},{\"@type\":\"ImageObject\",\"inLanguage\":\"it-IT\",\"@id\":\"https:\\\/\\\/cinema.video\\\/it\\\/riviera-int-ff-in-sala-puntando-a-giovani-e-ambiente#primaryimage\",\"url\":\"https:\\\/\\\/cinema.video\\\/wp-content\\\/uploads\\\/2021\\\/04\\\/Schermata-2021-04-28-alle-12.29.13-e1619623388229.png\",\"contentUrl\":\"https:\\\/\\\/cinema.video\\\/wp-content\\\/uploads\\\/2021\\\/04\\\/Schermata-2021-04-28-alle-12.29.13-e1619623388229.png\",\"width\":800,\"height\":500},{\"@type\":\"BreadcrumbList\",\"@id\":\"https:\\\/\\\/cinema.video\\\/it\\\/riviera-int-ff-in-sala-puntando-a-giovani-e-ambiente#breadcrumb\",\"itemListElement\":[{\"@type\":\"ListItem\",\"position\":1,\"name\":\"Home\",\"item\":\"https:\\\/\\\/cinema.video\\\/it\\\/home-2\"},{\"@type\":\"ListItem\",\"position\":2,\"name\":\"RIVIERA INT. FF In sala puntando a giovani e ambiente\"}]},{\"@type\":\"WebSite\",\"@id\":\"https:\\\/\\\/cinema.video\\\/it#website\",\"url\":\"https:\\\/\\\/cinema.video\\\/it\",\"name\":\"Cinema & Video International\",\"description\":\"Film &amp; Audiovisual Industry Trade Magazine\",\"publisher\":{\"@id\":\"https:\\\/\\\/cinema.video\\\/it#organization\"},\"alternateName\":\"Cinema & Video\",\"potentialAction\":[{\"@type\":\"SearchAction\",\"target\":{\"@type\":\"EntryPoint\",\"urlTemplate\":\"https:\\\/\\\/cinema.video\\\/it?s={search_term_string}\"},\"query-input\":{\"@type\":\"PropertyValueSpecification\",\"valueRequired\":true,\"valueName\":\"search_term_string\"}}],\"inLanguage\":\"it-IT\"},{\"@type\":\"Organization\",\"@id\":\"https:\\\/\\\/cinema.video\\\/it#organization\",\"name\":\"Cinema & Video\",\"url\":\"https:\\\/\\\/cinema.video\\\/it\",\"logo\":{\"@type\":\"ImageObject\",\"inLanguage\":\"it-IT\",\"@id\":\"https:\\\/\\\/cinema.video\\\/it#\\\/schema\\\/logo\\\/image\\\/\",\"url\":\"https:\\\/\\\/cinema.video\\\/wp-content\\\/uploads\\\/2026\\\/04\\\/CinemVideo_LogoBlack.png\",\"contentUrl\":\"https:\\\/\\\/cinema.video\\\/wp-content\\\/uploads\\\/2026\\\/04\\\/CinemVideo_LogoBlack.png\",\"width\":1336,\"height\":224,\"caption\":\"Cinema & Video\"},\"image\":{\"@id\":\"https:\\\/\\\/cinema.video\\\/it#\\\/schema\\\/logo\\\/image\\\/\"},\"sameAs\":[\"https:\\\/\\\/www.facebook.com\\\/CinemaVideoInternational\\\/\",\"https:\\\/\\\/www.instagram.com\\\/cinemaevideointernational\\\/\",\"https:\\\/\\\/it.linkedin.com\\\/company\\\/cinema-video-international\"],\"description\":\"Media Consulting & Marketing Agency\",\"email\":\"hello@darostudio.com\",\"legalName\":\"DARO studio LLC\",\"foundingDate\":\"2021-02-16\",\"numberOfEmployees\":{\"@type\":\"QuantitativeValue\",\"minValue\":\"1\",\"maxValue\":\"10\"}},{\"@type\":\"Person\",\"@id\":\"https:\\\/\\\/cinema.video\\\/it#\\\/schema\\\/person\\\/aeb01b91d874e8b01e76a1db04c668c6\",\"name\":\"Redazione\",\"image\":{\"@type\":\"ImageObject\",\"inLanguage\":\"it-IT\",\"@id\":\"https:\\\/\\\/secure.gravatar.com\\\/avatar\\\/06ad6f92eb14745b75fb592cadf8139d33242d81c9c8b085133c450aaf0b9731?s=96&d=mm&r=g\",\"url\":\"https:\\\/\\\/secure.gravatar.com\\\/avatar\\\/06ad6f92eb14745b75fb592cadf8139d33242d81c9c8b085133c450aaf0b9731?s=96&d=mm&r=g\",\"contentUrl\":\"https:\\\/\\\/secure.gravatar.com\\\/avatar\\\/06ad6f92eb14745b75fb592cadf8139d33242d81c9c8b085133c450aaf0b9731?s=96&d=mm&r=g\",\"caption\":\"Redazione\"},\"url\":\"https:\\\/\\\/cinema.video\\\/it\\\/author\\\/redazione\"}]}<\/script>\n<!-- \/ Yoast SEO Premium plugin. -->","yoast_head_json":{"title":"RIVIERA INT. FF In sala puntando a giovani e ambiente - Cinema &amp; Video International","description":"RIVIERA INT. FF In sala puntando a giovani e ambiente \u2013 riviera int ff in sala puntando. Il cinema dalla parte dei giovani e dell\u2019ambiente: torna dal 20 a","robots":{"index":"index","follow":"follow","max-snippet":"max-snippet:-1","max-image-preview":"max-image-preview:large","max-video-preview":"max-video-preview:-1"},"canonical":"https:\/\/cinema.video\/it\/riviera-int-ff-in-sala-puntando-a-giovani-e-ambiente","og_locale":"it_IT","og_type":"article","og_title":"RIVIERA INT. FF In sala puntando a giovani e ambiente","og_description":"RIVIERA INT. FF In sala puntando a giovani e ambiente \u2013 riviera int ff in sala puntando. Il cinema dalla parte dei giovani e dell\u2019ambiente: torna dal 20 a","og_url":"https:\/\/cinema.video\/it\/riviera-int-ff-in-sala-puntando-a-giovani-e-ambiente","og_site_name":"Cinema &amp; Video International","article_publisher":"https:\/\/www.facebook.com\/CinemaVideoInternational\/","article_published_time":"2021-04-29T07:14:04+00:00","article_modified_time":"2026-04-10T01:53:27+00:00","og_image":[{"width":800,"height":500,"url":"https:\/\/cinema.video\/wp-content\/uploads\/2021\/04\/Schermata-2021-04-28-alle-12.29.13-e1619623388229.png","type":"image\/png"}],"author":"Redazione","twitter_card":"summary_large_image","twitter_misc":{"Scritto da":"Redazione","Tempo di lettura stimato":"5 minuti"},"schema":{"@context":"https:\/\/schema.org","@graph":[{"@type":"Article","@id":"https:\/\/cinema.video\/it\/riviera-int-ff-in-sala-puntando-a-giovani-e-ambiente#article","isPartOf":{"@id":"https:\/\/cinema.video\/it\/riviera-int-ff-in-sala-puntando-a-giovani-e-ambiente"},"author":{"name":"Redazione","@id":"https:\/\/cinema.video\/it#\/schema\/person\/aeb01b91d874e8b01e76a1db04c668c6"},"headline":"RIVIERA INT. FF In sala puntando a giovani e ambiente","datePublished":"2021-04-29T07:14:04+00:00","dateModified":"2026-04-10T01:53:27+00:00","mainEntityOfPage":{"@id":"https:\/\/cinema.video\/it\/riviera-int-ff-in-sala-puntando-a-giovani-e-ambiente"},"wordCount":927,"publisher":{"@id":"https:\/\/cinema.video\/it#organization"},"image":{"@id":"https:\/\/cinema.video\/it\/riviera-int-ff-in-sala-puntando-a-giovani-e-ambiente#primaryimage"},"thumbnailUrl":"https:\/\/cinema.video\/wp-content\/uploads\/2021\/04\/Schermata-2021-04-28-alle-12.29.13-e1619623388229.png","keywords":["EVENTS"],"articleSection":["EVENTS"],"inLanguage":"it-IT"},{"@type":"WebPage","@id":"https:\/\/cinema.video\/it\/riviera-int-ff-in-sala-puntando-a-giovani-e-ambiente","url":"https:\/\/cinema.video\/it\/riviera-int-ff-in-sala-puntando-a-giovani-e-ambiente","name":"RIVIERA INT. FF In sala puntando a giovani e ambiente - Cinema &amp; Video International","isPartOf":{"@id":"https:\/\/cinema.video\/it#website"},"primaryImageOfPage":{"@id":"https:\/\/cinema.video\/it\/riviera-int-ff-in-sala-puntando-a-giovani-e-ambiente#primaryimage"},"image":{"@id":"https:\/\/cinema.video\/it\/riviera-int-ff-in-sala-puntando-a-giovani-e-ambiente#primaryimage"},"thumbnailUrl":"https:\/\/cinema.video\/wp-content\/uploads\/2021\/04\/Schermata-2021-04-28-alle-12.29.13-e1619623388229.png","datePublished":"2021-04-29T07:14:04+00:00","dateModified":"2026-04-10T01:53:27+00:00","description":"RIVIERA INT. FF In sala puntando a giovani e ambiente \u2013 riviera int ff in sala puntando. Il cinema dalla parte dei giovani e dell\u2019ambiente: torna dal 20 a","breadcrumb":{"@id":"https:\/\/cinema.video\/it\/riviera-int-ff-in-sala-puntando-a-giovani-e-ambiente#breadcrumb"},"inLanguage":"it-IT","potentialAction":[{"@type":"ReadAction","target":["https:\/\/cinema.video\/it\/riviera-int-ff-in-sala-puntando-a-giovani-e-ambiente"]}]},{"@type":"ImageObject","inLanguage":"it-IT","@id":"https:\/\/cinema.video\/it\/riviera-int-ff-in-sala-puntando-a-giovani-e-ambiente#primaryimage","url":"https:\/\/cinema.video\/wp-content\/uploads\/2021\/04\/Schermata-2021-04-28-alle-12.29.13-e1619623388229.png","contentUrl":"https:\/\/cinema.video\/wp-content\/uploads\/2021\/04\/Schermata-2021-04-28-alle-12.29.13-e1619623388229.png","width":800,"height":500},{"@type":"BreadcrumbList","@id":"https:\/\/cinema.video\/it\/riviera-int-ff-in-sala-puntando-a-giovani-e-ambiente#breadcrumb","itemListElement":[{"@type":"ListItem","position":1,"name":"Home","item":"https:\/\/cinema.video\/it\/home-2"},{"@type":"ListItem","position":2,"name":"RIVIERA INT. FF In sala puntando a giovani e ambiente"}]},{"@type":"WebSite","@id":"https:\/\/cinema.video\/it#website","url":"https:\/\/cinema.video\/it","name":"Cinema & Video International","description":"Film &amp; Audiovisual Industry Trade Magazine","publisher":{"@id":"https:\/\/cinema.video\/it#organization"},"alternateName":"Cinema & Video","potentialAction":[{"@type":"SearchAction","target":{"@type":"EntryPoint","urlTemplate":"https:\/\/cinema.video\/it?s={search_term_string}"},"query-input":{"@type":"PropertyValueSpecification","valueRequired":true,"valueName":"search_term_string"}}],"inLanguage":"it-IT"},{"@type":"Organization","@id":"https:\/\/cinema.video\/it#organization","name":"Cinema & Video","url":"https:\/\/cinema.video\/it","logo":{"@type":"ImageObject","inLanguage":"it-IT","@id":"https:\/\/cinema.video\/it#\/schema\/logo\/image\/","url":"https:\/\/cinema.video\/wp-content\/uploads\/2026\/04\/CinemVideo_LogoBlack.png","contentUrl":"https:\/\/cinema.video\/wp-content\/uploads\/2026\/04\/CinemVideo_LogoBlack.png","width":1336,"height":224,"caption":"Cinema & Video"},"image":{"@id":"https:\/\/cinema.video\/it#\/schema\/logo\/image\/"},"sameAs":["https:\/\/www.facebook.com\/CinemaVideoInternational\/","https:\/\/www.instagram.com\/cinemaevideointernational\/","https:\/\/it.linkedin.com\/company\/cinema-video-international"],"description":"Media Consulting & Marketing Agency","email":"hello@darostudio.com","legalName":"DARO studio LLC","foundingDate":"2021-02-16","numberOfEmployees":{"@type":"QuantitativeValue","minValue":"1","maxValue":"10"}},{"@type":"Person","@id":"https:\/\/cinema.video\/it#\/schema\/person\/aeb01b91d874e8b01e76a1db04c668c6","name":"Redazione","image":{"@type":"ImageObject","inLanguage":"it-IT","@id":"https:\/\/secure.gravatar.com\/avatar\/06ad6f92eb14745b75fb592cadf8139d33242d81c9c8b085133c450aaf0b9731?s=96&d=mm&r=g","url":"https:\/\/secure.gravatar.com\/avatar\/06ad6f92eb14745b75fb592cadf8139d33242d81c9c8b085133c450aaf0b9731?s=96&d=mm&r=g","contentUrl":"https:\/\/secure.gravatar.com\/avatar\/06ad6f92eb14745b75fb592cadf8139d33242d81c9c8b085133c450aaf0b9731?s=96&d=mm&r=g","caption":"Redazione"},"url":"https:\/\/cinema.video\/it\/author\/redazione"}]}},"jetpack_featured_media_url":"https:\/\/cinema.video\/wp-content\/uploads\/2021\/04\/Schermata-2021-04-28-alle-12.29.13-e1619623388229.png","jetpack_shortlink":"https:\/\/wp.me\/ph672m-1daw","_links":{"self":[{"href":"https:\/\/cinema.video\/it\/wp-json\/wp\/v2\/posts\/288952","targetHints":{"allow":["GET"]}}],"collection":[{"href":"https:\/\/cinema.video\/it\/wp-json\/wp\/v2\/posts"}],"about":[{"href":"https:\/\/cinema.video\/it\/wp-json\/wp\/v2\/types\/post"}],"author":[{"embeddable":true,"href":"https:\/\/cinema.video\/it\/wp-json\/wp\/v2\/users\/26"}],"replies":[{"embeddable":true,"href":"https:\/\/cinema.video\/it\/wp-json\/wp\/v2\/comments?post=288952"}],"version-history":[{"count":2,"href":"https:\/\/cinema.video\/it\/wp-json\/wp\/v2\/posts\/288952\/revisions"}],"predecessor-version":[{"id":308238,"href":"https:\/\/cinema.video\/it\/wp-json\/wp\/v2\/posts\/288952\/revisions\/308238"}],"wp:featuredmedia":[{"embeddable":true,"href":"https:\/\/cinema.video\/it\/wp-json\/wp\/v2\/media\/288953"}],"wp:attachment":[{"href":"https:\/\/cinema.video\/it\/wp-json\/wp\/v2\/media?parent=288952"}],"wp:term":[{"taxonomy":"category","embeddable":true,"href":"https:\/\/cinema.video\/it\/wp-json\/wp\/v2\/categories?post=288952"},{"taxonomy":"post_tag","embeddable":true,"href":"https:\/\/cinema.video\/it\/wp-json\/wp\/v2\/tags?post=288952"}],"curies":[{"name":"wp","href":"https:\/\/api.w.org\/{rel}","templated":true}]}}