{"id":288794,"date":"2021-04-25T19:05:30","date_gmt":"2021-04-25T17:05:30","guid":{"rendered":"https:\/\/cinema.video\/?p=288794"},"modified":"2026-04-10T03:53:21","modified_gmt":"2026-04-10T01:53:21","slug":"la-compagnia-di-firenze-riapre-con-gli-oscar","status":"publish","type":"post","link":"https:\/\/cinema.video\/it\/la-compagnia-di-firenze-riapre-con-gli-oscar","title":{"rendered":"I DOCUMENTARI del Cinema LA COMPAGNIA"},"content":{"rendered":"\n<p class=\"wp-block-paragraph\">La Notte degli Oscar di domenica 25 aprile arriver\u00e0, a poche ore dall&#8217;evento dal vivo, al  cinema <strong>La Compagnia<\/strong> di Firenze<strong> in presenza, luned\u00ec 26 aprile 2021<\/strong>, grazie alla collaborazione con Sky Cinema. <\/p>\n\n\n\n<p class=\"wp-block-paragraph\">Proprio uno dei titoli in corsa agli Oscar 2021, il documentario d\u2019inchiesta &#8220;<strong>Collective<\/strong>&#8220;, <strong>di Alexander Nanau<\/strong> (Francia, Lussemburgo, 2019, 109\u2019), presentato a Venezia 76., aprir\u00e0 il nuovo cartellone di film in presenza, dal 26 aprile pomeriggio (ore 17.00 e 19.15), &#8216;inaugurando&#8217; la proposta culturale della casa del cinema della Toscana: a questo genere \u00e8 dedicata la rassegna, che inizia il 27 aprile, con tutti i <strong>documentari in lizza ai David di Donatello<\/strong>,la cui cerimonia di premiazione si terr\u00e0 il prossimo 11 maggio. Una rassegna che dar\u00e0 modo di vedere documentari al di fuori dei circuiti commerciali e che sar\u00e0 accompagnata da una serie di conversazioni, realizzate in collaborazione con l\u2019Accademia del cinema italiano (e gi\u00e0 online gratuitamente su Pi\u00f9 Compagnia), che propongono un approfondimento sul cinema degli autori delle dieci opere selezionate.<\/p>\n\n\n\n<p class=\"wp-block-paragraph\">Come di consueto, La Compagnia sar\u00e0 il palcoscenico dei <strong>festival internazionali<\/strong>: la due giorni dedicata al cinema indiano a cura del <strong>River to River Florence Indian Film Festival<\/strong>; la <strong>19esima edizione del Florence Korea Film Fest<\/strong> dal <strong>21 al 28 maggio, <\/strong>l&#8217;evento de <strong>Lo Schermo dell\u2019Arte Film Festival, <\/strong>il <strong>10 giugno,<\/strong> parte della<strong> <\/strong>nuova edizione di <strong>Secret Florence<\/strong> &#8211; progetto speciale dell&#8217;Estate Fiorentina 2021, promosso dal Comune di Firenze &#8211; con  la versione rimasterizzata in 4K di <strong> &#8220;A Bigger Splash<\/strong>&#8221; (1974) di Jack Hazan; e <strong>Popoli Reloaded, <\/strong>una selezione di film dall\u2019archivio del <strong>Festival dei Popoli<\/strong>, che torna in sala <strong>dal 14 al 19 giugno, <\/strong> con una nutrita programmazione di film tenuti in serbo per la riapertura e la visione sul grande schermo: le \u201cperle documentaristiche\u201d, tutte da riscoprire della sezione <strong><em>Diamonds Are Forever,<\/em><\/strong> le coraggiose sperimentazioni di <strong><em>Doc Explorer<\/em><\/strong> e l\u2019omaggio al cineasta rumeno <strong>Radu Jude,<\/strong> vincitore dell\u2019Orso d\u2019Oro all\u2019ultimo Festival di Berlino, che sar\u00e0 presente a Firenze, nei giorni della manifestazione, per presentare i film e incontrare il pubblico.&nbsp;L&#8217;omaggio a Radu Jude \u00e8 realizzato&nbsp;in collaborazione con Accademia di Romania in Roma.&nbsp;<\/p>\n\n\n\n<p class=\"wp-block-paragraph\">In occasione della Giornata Internazionale della Danza, promossa dall&#8217;International Dance Council dell&#8217;Unesco, il <strong>29 aprile, il 2 e&nbsp; il 3 maggio<\/strong>, sar\u00e0 proiettato il documentario di Roberto Salinas, &#8220;<strong>Cuban Dancer<\/strong>&#8220;<\/p>\n\n\n\n<p class=\"wp-block-paragraph\">Il 6 maggio, La Compagnia ospiter\u00e0 l&#8217;anteprima di &#8220;<strong>Firenze sotto vetro&#8221;, <\/strong>firmato insieme a <strong>Pablo Benedetti<\/strong>, prodotto da&nbsp;<strong>Malandrino Film&nbsp;<\/strong>e&nbsp;<strong>011Films<\/strong>, che racconta i giorni del primo lockdown a Firenze. Il progetto vede il Comune di Firenze e il Cinema La Compagnia, come&nbsp;partner istituzionali,  \u00e8 sostenuto da <strong>Toscana Film Commission<\/strong> nell\u2019ambito del <strong>Programma Sensi Contemporanei Toscana per il cinema<\/strong> e si avvale della media partnership di<strong>&nbsp;Lady Radio<\/strong>. <br>Il 4 giugno Micali presenter\u00e0 a La Compagnia anche il corto sul tema degli stereotipi di genere &#8220;<strong>Mi piace Spiderman\u2026 e allora?<\/strong>&#8221; L\u2019altro film presentato a La Compagnia da <strong>Federico Micali<\/strong> (4 giugno), prodotto da <strong>Dnart<\/strong>, scritto con <strong>Serena Mannelli,<\/strong> ispirato all\u2019omonimo libro di <strong>Giorgia Vezzoli<\/strong> (edito da Settenove edizioni), vincitore del <strong>Bando Non Violenza: lo schiaffo pi\u00f9 forte,<\/strong> del Ministero dei Beni Culturali e realizzato con il supporto di <strong>ACF Fiorentina, di Regione Toscana, Fondazione Sistema &#8211; Lanterne Magiche<\/strong>.&nbsp; Il film, distribuito da <strong>Premi\u00e8re<\/strong>, parteciper\u00e0 a festival internazionali, nelle sale e avr\u00e0 anche un percorso di didattica nelle scuole.<\/p>\n\n\n\n<p class=\"wp-block-paragraph\">E, non c&#8217;\u00e8 due senza tre, l&#8217;11 giugno il regista fiorentino presenter\u00e0 anche il documentario &#8220;<strong>Looking for Negroni<\/strong>&#8220;, sulla storia del cocktail italiano pi\u00f9 famoso nel mondo e del suo inventore, il&nbsp;Conte Camillo Negroni, prodotto da <strong>Art Film Kairos<\/strong> e&nbsp;<strong>Rai Cinema<\/strong>&nbsp;ed \u00e8 sostenuto da <strong>Toscana Film Commission<\/strong>, nell\u2019ambito del programma <strong>Sensi Contemporanei Toscana per il Cinema<\/strong>.<\/p>\n\n\n\n<p class=\"wp-block-paragraph\"><strong>D<\/strong><strong>al 28 Giugno la Compagnia si sposta in Arena estiva, nel cortile degli Uffizi, con la IX edizione di Apriti Cinema, che andr\u00e0 avanti fino al 9 Agosto, con proiezioni tutte le sere ad ingresso libero.<\/strong><\/p>\n","protected":false},"excerpt":{"rendered":"<p>Fra le proposte, i dieci documentari candidati ai David, i festival internazionali, &#8220;Collective&#8221;,  &#8220;Cuban Dancer&#8221; e tre film del regista fiorentino Federico Micali<\/p>\n","protected":false},"author":2,"featured_media":288795,"comment_status":"closed","ping_status":"closed","sticky":false,"template":"","format":"standard","meta":{"googlesitekit_rrm_CAow3e7fCw:productID":"","_crdt_document":"","footnotes":""},"categories":[2331,215],"tags":[2317,2334,2339,2338,245],"class_list":{"0":"post-288794","1":"post","2":"type-post","3":"status-publish","4":"format-standard","5":"has-post-thumbnail","7":"category-awards","8":"category-film-commissions","9":"tag-awards","10":"tag-events","11":"tag-film-commissions","12":"tag-locations","13":"tag-toscana-film-commission"},"yoast_head":"<!-- This site is optimized with the Yoast SEO Premium plugin v27.4 (Yoast SEO v27.5) - https:\/\/yoast.com\/product\/yoast-seo-premium-wordpress\/ -->\n<title>I DOCUMENTARI del Cinema LA COMPAGNIA - Cinema &amp; Video International<\/title>\n<meta name=\"description\" content=\"I DOCUMENTARI del Cinema LA COMPAGNIA \u2013 i documentari del cinema la compagnia. La Notte degli Oscar di domenica 25 aprile arriver\u00e0, a poche ore dall&#039;event\" \/>\n<meta name=\"robots\" content=\"index, follow, max-snippet:-1, max-image-preview:large, max-video-preview:-1\" \/>\n<link rel=\"canonical\" href=\"https:\/\/cinema.video\/it\/la-compagnia-di-firenze-riapre-con-gli-oscar\" \/>\n<meta property=\"og:locale\" content=\"it_IT\" \/>\n<meta property=\"og:type\" content=\"article\" \/>\n<meta property=\"og:title\" content=\"I DOCUMENTARI del Cinema LA COMPAGNIA\" \/>\n<meta property=\"og:description\" content=\"I DOCUMENTARI del Cinema LA COMPAGNIA \u2013 i documentari del cinema la compagnia. La Notte degli Oscar di domenica 25 aprile arriver\u00e0, a poche ore dall&#039;event\" \/>\n<meta property=\"og:url\" content=\"https:\/\/cinema.video\/it\/la-compagnia-di-firenze-riapre-con-gli-oscar\" \/>\n<meta property=\"og:site_name\" content=\"Cinema &amp; Video International\" \/>\n<meta property=\"article:publisher\" content=\"https:\/\/www.facebook.com\/CinemaVideoInternational\/\" \/>\n<meta property=\"article:published_time\" content=\"2021-04-25T17:05:30+00:00\" \/>\n<meta property=\"article:modified_time\" content=\"2026-04-10T01:53:21+00:00\" \/>\n<meta property=\"og:image\" content=\"https:\/\/cinema.video\/wp-content\/uploads\/2021\/04\/firenzesottovetro_2-e1619370189232.jpg\" \/>\n\t<meta property=\"og:image:width\" content=\"800\" \/>\n\t<meta property=\"og:image:height\" content=\"450\" \/>\n\t<meta property=\"og:image:type\" content=\"image\/jpeg\" \/>\n<meta name=\"author\" content=\"Carolina Mancini\" \/>\n<meta name=\"twitter:card\" content=\"summary_large_image\" \/>\n<meta name=\"twitter:label1\" content=\"Scritto da\" \/>\n\t<meta name=\"twitter:data1\" content=\"Carolina Mancini\" \/>\n\t<meta name=\"twitter:label2\" content=\"Tempo di lettura stimato\" \/>\n\t<meta name=\"twitter:data2\" content=\"3 minuti\" \/>\n<script type=\"application\/ld+json\" class=\"yoast-schema-graph\">{\"@context\":\"https:\\\/\\\/schema.org\",\"@graph\":[{\"@type\":\"Article\",\"@id\":\"https:\\\/\\\/cinema.video\\\/it\\\/la-compagnia-di-firenze-riapre-con-gli-oscar#article\",\"isPartOf\":{\"@id\":\"https:\\\/\\\/cinema.video\\\/it\\\/la-compagnia-di-firenze-riapre-con-gli-oscar\"},\"author\":{\"name\":\"Carolina Mancini\",\"@id\":\"https:\\\/\\\/cinema.video\\\/it#\\\/schema\\\/person\\\/d5479fad8d0f2360000eb4aab6bb6e5d\"},\"headline\":\"I DOCUMENTARI del Cinema LA COMPAGNIA\",\"datePublished\":\"2021-04-25T17:05:30+00:00\",\"dateModified\":\"2026-04-10T01:53:21+00:00\",\"mainEntityOfPage\":{\"@id\":\"https:\\\/\\\/cinema.video\\\/it\\\/la-compagnia-di-firenze-riapre-con-gli-oscar\"},\"wordCount\":655,\"publisher\":{\"@id\":\"https:\\\/\\\/cinema.video\\\/it#organization\"},\"image\":{\"@id\":\"https:\\\/\\\/cinema.video\\\/it\\\/la-compagnia-di-firenze-riapre-con-gli-oscar#primaryimage\"},\"thumbnailUrl\":\"https:\\\/\\\/cinema.video\\\/wp-content\\\/uploads\\\/2021\\\/04\\\/firenzesottovetro_2-e1619370189232.jpg\",\"keywords\":[\"AWARDS\",\"EVENTS\",\"FILM COMMISSIONS\",\"LOCATIONS\",\"TOSCANA FILM COMMISSION\"],\"articleSection\":[\"AWARDS\",\"FILM COMMISSIONS\"],\"inLanguage\":\"it-IT\"},{\"@type\":\"WebPage\",\"@id\":\"https:\\\/\\\/cinema.video\\\/it\\\/la-compagnia-di-firenze-riapre-con-gli-oscar\",\"url\":\"https:\\\/\\\/cinema.video\\\/it\\\/la-compagnia-di-firenze-riapre-con-gli-oscar\",\"name\":\"I DOCUMENTARI del Cinema LA COMPAGNIA - Cinema &amp; Video International\",\"isPartOf\":{\"@id\":\"https:\\\/\\\/cinema.video\\\/it#website\"},\"primaryImageOfPage\":{\"@id\":\"https:\\\/\\\/cinema.video\\\/it\\\/la-compagnia-di-firenze-riapre-con-gli-oscar#primaryimage\"},\"image\":{\"@id\":\"https:\\\/\\\/cinema.video\\\/it\\\/la-compagnia-di-firenze-riapre-con-gli-oscar#primaryimage\"},\"thumbnailUrl\":\"https:\\\/\\\/cinema.video\\\/wp-content\\\/uploads\\\/2021\\\/04\\\/firenzesottovetro_2-e1619370189232.jpg\",\"datePublished\":\"2021-04-25T17:05:30+00:00\",\"dateModified\":\"2026-04-10T01:53:21+00:00\",\"description\":\"I DOCUMENTARI del Cinema LA COMPAGNIA \u2013 i documentari del cinema la compagnia. La Notte degli Oscar di domenica 25 aprile arriver\u00e0, a poche ore dall'event\",\"breadcrumb\":{\"@id\":\"https:\\\/\\\/cinema.video\\\/it\\\/la-compagnia-di-firenze-riapre-con-gli-oscar#breadcrumb\"},\"inLanguage\":\"it-IT\",\"potentialAction\":[{\"@type\":\"ReadAction\",\"target\":[\"https:\\\/\\\/cinema.video\\\/it\\\/la-compagnia-di-firenze-riapre-con-gli-oscar\"]}]},{\"@type\":\"ImageObject\",\"inLanguage\":\"it-IT\",\"@id\":\"https:\\\/\\\/cinema.video\\\/it\\\/la-compagnia-di-firenze-riapre-con-gli-oscar#primaryimage\",\"url\":\"https:\\\/\\\/cinema.video\\\/wp-content\\\/uploads\\\/2021\\\/04\\\/firenzesottovetro_2-e1619370189232.jpg\",\"contentUrl\":\"https:\\\/\\\/cinema.video\\\/wp-content\\\/uploads\\\/2021\\\/04\\\/firenzesottovetro_2-e1619370189232.jpg\",\"width\":800,\"height\":450},{\"@type\":\"BreadcrumbList\",\"@id\":\"https:\\\/\\\/cinema.video\\\/it\\\/la-compagnia-di-firenze-riapre-con-gli-oscar#breadcrumb\",\"itemListElement\":[{\"@type\":\"ListItem\",\"position\":1,\"name\":\"Home\",\"item\":\"https:\\\/\\\/cinema.video\\\/it\\\/home-2\"},{\"@type\":\"ListItem\",\"position\":2,\"name\":\"I DOCUMENTARI del Cinema LA COMPAGNIA\"}]},{\"@type\":\"WebSite\",\"@id\":\"https:\\\/\\\/cinema.video\\\/it#website\",\"url\":\"https:\\\/\\\/cinema.video\\\/it\",\"name\":\"Cinema & Video International\",\"description\":\"Film &amp; Audiovisual Industry Trade Magazine\",\"publisher\":{\"@id\":\"https:\\\/\\\/cinema.video\\\/it#organization\"},\"alternateName\":\"Cinema & Video\",\"potentialAction\":[{\"@type\":\"SearchAction\",\"target\":{\"@type\":\"EntryPoint\",\"urlTemplate\":\"https:\\\/\\\/cinema.video\\\/it?s={search_term_string}\"},\"query-input\":{\"@type\":\"PropertyValueSpecification\",\"valueRequired\":true,\"valueName\":\"search_term_string\"}}],\"inLanguage\":\"it-IT\"},{\"@type\":\"Organization\",\"@id\":\"https:\\\/\\\/cinema.video\\\/it#organization\",\"name\":\"Cinema & Video\",\"url\":\"https:\\\/\\\/cinema.video\\\/it\",\"logo\":{\"@type\":\"ImageObject\",\"inLanguage\":\"it-IT\",\"@id\":\"https:\\\/\\\/cinema.video\\\/it#\\\/schema\\\/logo\\\/image\\\/\",\"url\":\"https:\\\/\\\/cinema.video\\\/wp-content\\\/uploads\\\/2026\\\/04\\\/CinemVideo_LogoBlack.png\",\"contentUrl\":\"https:\\\/\\\/cinema.video\\\/wp-content\\\/uploads\\\/2026\\\/04\\\/CinemVideo_LogoBlack.png\",\"width\":1336,\"height\":224,\"caption\":\"Cinema & Video\"},\"image\":{\"@id\":\"https:\\\/\\\/cinema.video\\\/it#\\\/schema\\\/logo\\\/image\\\/\"},\"sameAs\":[\"https:\\\/\\\/www.facebook.com\\\/CinemaVideoInternational\\\/\",\"https:\\\/\\\/www.instagram.com\\\/cinemaevideointernational\\\/\",\"https:\\\/\\\/it.linkedin.com\\\/company\\\/cinema-video-international\"],\"description\":\"Media Consulting & Marketing Agency\",\"email\":\"hello@darostudio.com\",\"legalName\":\"DARO studio LLC\",\"foundingDate\":\"2021-02-16\",\"numberOfEmployees\":{\"@type\":\"QuantitativeValue\",\"minValue\":\"1\",\"maxValue\":\"10\"}},{\"@type\":\"Person\",\"@id\":\"https:\\\/\\\/cinema.video\\\/it#\\\/schema\\\/person\\\/d5479fad8d0f2360000eb4aab6bb6e5d\",\"name\":\"Carolina Mancini\",\"image\":{\"@type\":\"ImageObject\",\"inLanguage\":\"it-IT\",\"@id\":\"https:\\\/\\\/secure.gravatar.com\\\/avatar\\\/d4758965c5e8730dbaaa7131a628547771a26c1e5bf14fe323d96f8246a62baf?s=96&d=mm&r=g\",\"url\":\"https:\\\/\\\/secure.gravatar.com\\\/avatar\\\/d4758965c5e8730dbaaa7131a628547771a26c1e5bf14fe323d96f8246a62baf?s=96&d=mm&r=g\",\"contentUrl\":\"https:\\\/\\\/secure.gravatar.com\\\/avatar\\\/d4758965c5e8730dbaaa7131a628547771a26c1e5bf14fe323d96f8246a62baf?s=96&d=mm&r=g\",\"caption\":\"Carolina Mancini\"},\"url\":\"https:\\\/\\\/cinema.video\\\/it\\\/author\\\/carolin\"}]}<\/script>\n<!-- \/ Yoast SEO Premium plugin. -->","yoast_head_json":{"title":"I DOCUMENTARI del Cinema LA COMPAGNIA - Cinema &amp; Video International","description":"I DOCUMENTARI del Cinema LA COMPAGNIA \u2013 i documentari del cinema la compagnia. La Notte degli Oscar di domenica 25 aprile arriver\u00e0, a poche ore dall'event","robots":{"index":"index","follow":"follow","max-snippet":"max-snippet:-1","max-image-preview":"max-image-preview:large","max-video-preview":"max-video-preview:-1"},"canonical":"https:\/\/cinema.video\/it\/la-compagnia-di-firenze-riapre-con-gli-oscar","og_locale":"it_IT","og_type":"article","og_title":"I DOCUMENTARI del Cinema LA COMPAGNIA","og_description":"I DOCUMENTARI del Cinema LA COMPAGNIA \u2013 i documentari del cinema la compagnia. La Notte degli Oscar di domenica 25 aprile arriver\u00e0, a poche ore dall'event","og_url":"https:\/\/cinema.video\/it\/la-compagnia-di-firenze-riapre-con-gli-oscar","og_site_name":"Cinema &amp; Video International","article_publisher":"https:\/\/www.facebook.com\/CinemaVideoInternational\/","article_published_time":"2021-04-25T17:05:30+00:00","article_modified_time":"2026-04-10T01:53:21+00:00","og_image":[{"width":800,"height":450,"url":"https:\/\/cinema.video\/wp-content\/uploads\/2021\/04\/firenzesottovetro_2-e1619370189232.jpg","type":"image\/jpeg"}],"author":"Carolina Mancini","twitter_card":"summary_large_image","twitter_misc":{"Scritto da":"Carolina Mancini","Tempo di lettura stimato":"3 minuti"},"schema":{"@context":"https:\/\/schema.org","@graph":[{"@type":"Article","@id":"https:\/\/cinema.video\/it\/la-compagnia-di-firenze-riapre-con-gli-oscar#article","isPartOf":{"@id":"https:\/\/cinema.video\/it\/la-compagnia-di-firenze-riapre-con-gli-oscar"},"author":{"name":"Carolina Mancini","@id":"https:\/\/cinema.video\/it#\/schema\/person\/d5479fad8d0f2360000eb4aab6bb6e5d"},"headline":"I DOCUMENTARI del Cinema LA COMPAGNIA","datePublished":"2021-04-25T17:05:30+00:00","dateModified":"2026-04-10T01:53:21+00:00","mainEntityOfPage":{"@id":"https:\/\/cinema.video\/it\/la-compagnia-di-firenze-riapre-con-gli-oscar"},"wordCount":655,"publisher":{"@id":"https:\/\/cinema.video\/it#organization"},"image":{"@id":"https:\/\/cinema.video\/it\/la-compagnia-di-firenze-riapre-con-gli-oscar#primaryimage"},"thumbnailUrl":"https:\/\/cinema.video\/wp-content\/uploads\/2021\/04\/firenzesottovetro_2-e1619370189232.jpg","keywords":["AWARDS","EVENTS","FILM COMMISSIONS","LOCATIONS","TOSCANA FILM COMMISSION"],"articleSection":["AWARDS","FILM COMMISSIONS"],"inLanguage":"it-IT"},{"@type":"WebPage","@id":"https:\/\/cinema.video\/it\/la-compagnia-di-firenze-riapre-con-gli-oscar","url":"https:\/\/cinema.video\/it\/la-compagnia-di-firenze-riapre-con-gli-oscar","name":"I DOCUMENTARI del Cinema LA COMPAGNIA - Cinema &amp; Video International","isPartOf":{"@id":"https:\/\/cinema.video\/it#website"},"primaryImageOfPage":{"@id":"https:\/\/cinema.video\/it\/la-compagnia-di-firenze-riapre-con-gli-oscar#primaryimage"},"image":{"@id":"https:\/\/cinema.video\/it\/la-compagnia-di-firenze-riapre-con-gli-oscar#primaryimage"},"thumbnailUrl":"https:\/\/cinema.video\/wp-content\/uploads\/2021\/04\/firenzesottovetro_2-e1619370189232.jpg","datePublished":"2021-04-25T17:05:30+00:00","dateModified":"2026-04-10T01:53:21+00:00","description":"I DOCUMENTARI del Cinema LA COMPAGNIA \u2013 i documentari del cinema la compagnia. La Notte degli Oscar di domenica 25 aprile arriver\u00e0, a poche ore dall'event","breadcrumb":{"@id":"https:\/\/cinema.video\/it\/la-compagnia-di-firenze-riapre-con-gli-oscar#breadcrumb"},"inLanguage":"it-IT","potentialAction":[{"@type":"ReadAction","target":["https:\/\/cinema.video\/it\/la-compagnia-di-firenze-riapre-con-gli-oscar"]}]},{"@type":"ImageObject","inLanguage":"it-IT","@id":"https:\/\/cinema.video\/it\/la-compagnia-di-firenze-riapre-con-gli-oscar#primaryimage","url":"https:\/\/cinema.video\/wp-content\/uploads\/2021\/04\/firenzesottovetro_2-e1619370189232.jpg","contentUrl":"https:\/\/cinema.video\/wp-content\/uploads\/2021\/04\/firenzesottovetro_2-e1619370189232.jpg","width":800,"height":450},{"@type":"BreadcrumbList","@id":"https:\/\/cinema.video\/it\/la-compagnia-di-firenze-riapre-con-gli-oscar#breadcrumb","itemListElement":[{"@type":"ListItem","position":1,"name":"Home","item":"https:\/\/cinema.video\/it\/home-2"},{"@type":"ListItem","position":2,"name":"I DOCUMENTARI del Cinema LA COMPAGNIA"}]},{"@type":"WebSite","@id":"https:\/\/cinema.video\/it#website","url":"https:\/\/cinema.video\/it","name":"Cinema & Video International","description":"Film &amp; Audiovisual Industry Trade Magazine","publisher":{"@id":"https:\/\/cinema.video\/it#organization"},"alternateName":"Cinema & Video","potentialAction":[{"@type":"SearchAction","target":{"@type":"EntryPoint","urlTemplate":"https:\/\/cinema.video\/it?s={search_term_string}"},"query-input":{"@type":"PropertyValueSpecification","valueRequired":true,"valueName":"search_term_string"}}],"inLanguage":"it-IT"},{"@type":"Organization","@id":"https:\/\/cinema.video\/it#organization","name":"Cinema & Video","url":"https:\/\/cinema.video\/it","logo":{"@type":"ImageObject","inLanguage":"it-IT","@id":"https:\/\/cinema.video\/it#\/schema\/logo\/image\/","url":"https:\/\/cinema.video\/wp-content\/uploads\/2026\/04\/CinemVideo_LogoBlack.png","contentUrl":"https:\/\/cinema.video\/wp-content\/uploads\/2026\/04\/CinemVideo_LogoBlack.png","width":1336,"height":224,"caption":"Cinema & Video"},"image":{"@id":"https:\/\/cinema.video\/it#\/schema\/logo\/image\/"},"sameAs":["https:\/\/www.facebook.com\/CinemaVideoInternational\/","https:\/\/www.instagram.com\/cinemaevideointernational\/","https:\/\/it.linkedin.com\/company\/cinema-video-international"],"description":"Media Consulting & Marketing Agency","email":"hello@darostudio.com","legalName":"DARO studio LLC","foundingDate":"2021-02-16","numberOfEmployees":{"@type":"QuantitativeValue","minValue":"1","maxValue":"10"}},{"@type":"Person","@id":"https:\/\/cinema.video\/it#\/schema\/person\/d5479fad8d0f2360000eb4aab6bb6e5d","name":"Carolina Mancini","image":{"@type":"ImageObject","inLanguage":"it-IT","@id":"https:\/\/secure.gravatar.com\/avatar\/d4758965c5e8730dbaaa7131a628547771a26c1e5bf14fe323d96f8246a62baf?s=96&d=mm&r=g","url":"https:\/\/secure.gravatar.com\/avatar\/d4758965c5e8730dbaaa7131a628547771a26c1e5bf14fe323d96f8246a62baf?s=96&d=mm&r=g","contentUrl":"https:\/\/secure.gravatar.com\/avatar\/d4758965c5e8730dbaaa7131a628547771a26c1e5bf14fe323d96f8246a62baf?s=96&d=mm&r=g","caption":"Carolina Mancini"},"url":"https:\/\/cinema.video\/it\/author\/carolin"}]}},"jetpack_featured_media_url":"https:\/\/cinema.video\/wp-content\/uploads\/2021\/04\/firenzesottovetro_2-e1619370189232.jpg","jetpack_shortlink":"https:\/\/wp.me\/ph672m-1d7Y","_links":{"self":[{"href":"https:\/\/cinema.video\/it\/wp-json\/wp\/v2\/posts\/288794","targetHints":{"allow":["GET"]}}],"collection":[{"href":"https:\/\/cinema.video\/it\/wp-json\/wp\/v2\/posts"}],"about":[{"href":"https:\/\/cinema.video\/it\/wp-json\/wp\/v2\/types\/post"}],"author":[{"embeddable":true,"href":"https:\/\/cinema.video\/it\/wp-json\/wp\/v2\/users\/2"}],"replies":[{"embeddable":true,"href":"https:\/\/cinema.video\/it\/wp-json\/wp\/v2\/comments?post=288794"}],"version-history":[{"count":1,"href":"https:\/\/cinema.video\/it\/wp-json\/wp\/v2\/posts\/288794\/revisions"}],"predecessor-version":[{"id":302234,"href":"https:\/\/cinema.video\/it\/wp-json\/wp\/v2\/posts\/288794\/revisions\/302234"}],"wp:featuredmedia":[{"embeddable":true,"href":"https:\/\/cinema.video\/it\/wp-json\/wp\/v2\/media\/288795"}],"wp:attachment":[{"href":"https:\/\/cinema.video\/it\/wp-json\/wp\/v2\/media?parent=288794"}],"wp:term":[{"taxonomy":"category","embeddable":true,"href":"https:\/\/cinema.video\/it\/wp-json\/wp\/v2\/categories?post=288794"},{"taxonomy":"post_tag","embeddable":true,"href":"https:\/\/cinema.video\/it\/wp-json\/wp\/v2\/tags?post=288794"}],"curies":[{"name":"wp","href":"https:\/\/api.w.org\/{rel}","templated":true}]}}