{"id":288111,"date":"2021-02-17T17:54:42","date_gmt":"2021-02-17T16:54:42","guid":{"rendered":"https:\/\/cinema.video\/?p=288111"},"modified":"2026-04-10T03:52:08","modified_gmt":"2026-04-10T01:52:08","slug":"virtuitaly-ricreare-lesperienza-dei-musei","status":"publish","type":"post","link":"https:\/\/cinema.video\/it\/virtuitaly-ricreare-lesperienza-dei-musei","title":{"rendered":"ART CENTRICA L&#8217;arte virtuale avvicina ai Musei"},"content":{"rendered":"\n<p class=\"wp-block-paragraph\">Ricreare digitalmente l\u2019esperienza della fruizione delle opere d\u2019arte dei musei pi\u00f9 importanti del mondo iniziando dagli Uffizi, gioiello di casa propria: \u00e8 ci\u00f2 che fa <strong>Centrica<\/strong>, l\u2019impresa fiorentina guidata da <strong>Marco Cappellini<\/strong> con il suo spinoff <strong>Virtuitaly<\/strong>, nato proprio per promuovere la cultura e il patrimonio italiano attraverso eventi culturali immersivi, concepiti a scopo educativo e con l&#8217;occhio sempre attento all\u2019entertainment.<\/p>\n\n\n\n<p class=\"wp-block-paragraph\">Le recenti esperienze di Virtualitaly, che ha portato gli Uffizi alla Fabbrica del Vapore di Milano, a Lipzia e a Shenzen, in Cina, sono state presentate oggi all\u2019<strong>Innovation Focus di Avant Premiere Music+ Media Market\u00a0<\/strong>\u00a0di Vienna,\u00a0\u00a0che si sta svolgendo in questi giorni online (<a href=\"https:\/\/cinema.video\/contenuti-aggiuntivi-gli-italiani-ad-avant-premiere\" data-type=\"post\" data-id=\"288078\"><span class=\"has-inline-color has-vivid-red-color\"><strong>leggi qui<\/strong><\/span><\/a>)<\/p>\n\n\n\n<p class=\"wp-block-paragraph\">Cappellini ha  presentato anche <strong>Art Centrica<\/strong>, la nuova piattaforma digital cloud che consente di \u2018portare\u2019 gli Uffizi e il Museo di Brera nelle scuole e nelle universit\u00e0, e che \u00e8 stata recentemente premiata dal National Geographic per la capacit\u00e0 di creare, attraverso la sua tecnologia innovativa, correlazioni fra arte, storia, geografia e natura, ricostruendo, ad esempio, lo sviluppo di un\u2019opera d\u2019arte nella storia e attraverso i luoghi che ha attraversato, o le evoluzioni di una citt\u00e0 d\u2019arte:<\/p>\n\n\n\n<p class=\"wp-block-paragraph\">\u201cSono tre i settori su cui vogliamo creare un impatto sociale: educazione, turismo e cultura, &#8211; dichiara Cappellini, &#8211; producendo contemporaneamente  ricavi aggiuntivi per le istituzioni culturali con cui lavoriamo, attraverso\u00a0\u00a0una fee per gli eventi che organizziamo. Uffizi Virtual Experience mi ha insegnato, ad esmpio, che una mostra digitale di questo tipo accresce il desiderio degli utenti di visitare il luogo reale di provenienza delle opere d\u2019arte. E\u2019 chiaro che l\u2019esperienza di trovarsi di fronte a un\u2019opera in un museo non pu\u00f2 essere replicabile digitalmente, ma senz\u2019altro la tecnologia pu\u00f2 aiutare a\u00a0\u00a0capire meglio, a studiare i dettagli, anche a paragonare opere presenti in musei diversi e distanti.\u201d<br>Ed \u00e8 chiaro che in una situazione come quella che ci troviamo ad affrontare ora, conclude Cappellini, \u201cdiventa sempre pi\u00f9 urgente trovare un nuovo modo di sviluppo anche per le citt\u00e0 turistiche, in cui le tecnologie possono democratizzare l\u2019accesso alla cultura e creare un nuovo modello di business.\u201d<\/p>\n","protected":false},"excerpt":{"rendered":"<p>Il patrimonio dell&#8217;arte italiano ricreato virtualmente da Virtuitaly, spin off di Centrica, e la nuova piattaforma Cloud Art Centrica presentate ad Avant Premiere Musica+Media Market<\/p>\n","protected":false},"author":2,"featured_media":288112,"comment_status":"closed","ping_status":"closed","sticky":false,"template":"","format":"standard","meta":{"googlesitekit_rrm_CAow3e7fCw:productID":"","_crdt_document":"","footnotes":""},"categories":[1],"tags":[356,319],"class_list":{"0":"post-288111","1":"post","2":"type-post","3":"status-publish","4":"format-standard","5":"has-post-thumbnail","7":"category-senza-categoria","8":"tag-focus","9":"tag-vr"},"yoast_head":"<!-- This site is optimized with the Yoast SEO Premium plugin v27.4 (Yoast SEO v27.4) - https:\/\/yoast.com\/product\/yoast-seo-premium-wordpress\/ -->\n<title>ART CENTRICA L&#039;arte virtuale avvicina ai Musei - Cinema &amp; Video International<\/title>\n<meta name=\"description\" content=\"ART CENTRICA L&#039;arte virtuale avvicina ai Musei \u2013 art centrica larte virtuale avvicina ai. Ricreare digitalmente l\u2019esperienza della fruizione delle opere d\" \/>\n<meta name=\"robots\" content=\"index, follow, max-snippet:-1, max-image-preview:large, max-video-preview:-1\" \/>\n<link rel=\"canonical\" href=\"https:\/\/cinema.video\/it\/virtuitaly-ricreare-lesperienza-dei-musei\" \/>\n<meta property=\"og:locale\" content=\"it_IT\" \/>\n<meta property=\"og:type\" content=\"article\" \/>\n<meta property=\"og:title\" content=\"ART CENTRICA L&#039;arte virtuale avvicina ai Musei\" \/>\n<meta property=\"og:description\" content=\"ART CENTRICA L&#039;arte virtuale avvicina ai Musei \u2013 art centrica larte virtuale avvicina ai. Ricreare digitalmente l\u2019esperienza della fruizione delle opere d\" \/>\n<meta property=\"og:url\" content=\"https:\/\/cinema.video\/it\/virtuitaly-ricreare-lesperienza-dei-musei\" \/>\n<meta property=\"og:site_name\" content=\"Cinema &amp; Video International\" \/>\n<meta property=\"article:publisher\" content=\"https:\/\/www.facebook.com\/CinemaVideoInternational\/\" \/>\n<meta property=\"article:published_time\" content=\"2021-02-17T16:54:42+00:00\" \/>\n<meta property=\"article:modified_time\" content=\"2026-04-10T01:52:08+00:00\" \/>\n<meta property=\"og:image\" content=\"https:\/\/cinema.video\/wp-content\/uploads\/2021\/02\/uffizi-VE.png\" \/>\n\t<meta property=\"og:image:width\" content=\"1399\" \/>\n\t<meta property=\"og:image:height\" content=\"725\" \/>\n\t<meta property=\"og:image:type\" content=\"image\/png\" \/>\n<meta name=\"author\" content=\"Carolina Mancini\" \/>\n<meta name=\"twitter:card\" content=\"summary_large_image\" \/>\n<meta name=\"twitter:label1\" content=\"Scritto da\" \/>\n\t<meta name=\"twitter:data1\" content=\"Carolina Mancini\" \/>\n\t<meta name=\"twitter:label2\" content=\"Tempo di lettura stimato\" \/>\n\t<meta name=\"twitter:data2\" content=\"2 minuti\" \/>\n<script type=\"application\/ld+json\" class=\"yoast-schema-graph\">{\"@context\":\"https:\\\/\\\/schema.org\",\"@graph\":[{\"@type\":\"Article\",\"@id\":\"https:\\\/\\\/cinema.video\\\/it\\\/virtuitaly-ricreare-lesperienza-dei-musei#article\",\"isPartOf\":{\"@id\":\"https:\\\/\\\/cinema.video\\\/it\\\/virtuitaly-ricreare-lesperienza-dei-musei\"},\"author\":{\"name\":\"Carolina Mancini\",\"@id\":\"https:\\\/\\\/cinema.video\\\/it#\\\/schema\\\/person\\\/d5479fad8d0f2360000eb4aab6bb6e5d\"},\"headline\":\"ART CENTRICA L&#8217;arte virtuale avvicina ai Musei\",\"datePublished\":\"2021-02-17T16:54:42+00:00\",\"dateModified\":\"2026-04-10T01:52:08+00:00\",\"mainEntityOfPage\":{\"@id\":\"https:\\\/\\\/cinema.video\\\/it\\\/virtuitaly-ricreare-lesperienza-dei-musei\"},\"wordCount\":361,\"publisher\":{\"@id\":\"https:\\\/\\\/cinema.video\\\/it#organization\"},\"image\":{\"@id\":\"https:\\\/\\\/cinema.video\\\/it\\\/virtuitaly-ricreare-lesperienza-dei-musei#primaryimage\"},\"thumbnailUrl\":\"https:\\\/\\\/cinema.video\\\/wp-content\\\/uploads\\\/2021\\\/02\\\/uffizi-VE.png\",\"keywords\":[\"focus\",\"VR\"],\"inLanguage\":\"it-IT\"},{\"@type\":\"WebPage\",\"@id\":\"https:\\\/\\\/cinema.video\\\/it\\\/virtuitaly-ricreare-lesperienza-dei-musei\",\"url\":\"https:\\\/\\\/cinema.video\\\/it\\\/virtuitaly-ricreare-lesperienza-dei-musei\",\"name\":\"ART CENTRICA L'arte virtuale avvicina ai Musei - Cinema &amp; Video International\",\"isPartOf\":{\"@id\":\"https:\\\/\\\/cinema.video\\\/it#website\"},\"primaryImageOfPage\":{\"@id\":\"https:\\\/\\\/cinema.video\\\/it\\\/virtuitaly-ricreare-lesperienza-dei-musei#primaryimage\"},\"image\":{\"@id\":\"https:\\\/\\\/cinema.video\\\/it\\\/virtuitaly-ricreare-lesperienza-dei-musei#primaryimage\"},\"thumbnailUrl\":\"https:\\\/\\\/cinema.video\\\/wp-content\\\/uploads\\\/2021\\\/02\\\/uffizi-VE.png\",\"datePublished\":\"2021-02-17T16:54:42+00:00\",\"dateModified\":\"2026-04-10T01:52:08+00:00\",\"description\":\"ART CENTRICA L'arte virtuale avvicina ai Musei \u2013 art centrica larte virtuale avvicina ai. Ricreare digitalmente l\u2019esperienza della fruizione delle opere d\",\"breadcrumb\":{\"@id\":\"https:\\\/\\\/cinema.video\\\/it\\\/virtuitaly-ricreare-lesperienza-dei-musei#breadcrumb\"},\"inLanguage\":\"it-IT\",\"potentialAction\":[{\"@type\":\"ReadAction\",\"target\":[\"https:\\\/\\\/cinema.video\\\/it\\\/virtuitaly-ricreare-lesperienza-dei-musei\"]}]},{\"@type\":\"ImageObject\",\"inLanguage\":\"it-IT\",\"@id\":\"https:\\\/\\\/cinema.video\\\/it\\\/virtuitaly-ricreare-lesperienza-dei-musei#primaryimage\",\"url\":\"https:\\\/\\\/cinema.video\\\/wp-content\\\/uploads\\\/2021\\\/02\\\/uffizi-VE.png\",\"contentUrl\":\"https:\\\/\\\/cinema.video\\\/wp-content\\\/uploads\\\/2021\\\/02\\\/uffizi-VE.png\",\"width\":1399,\"height\":725},{\"@type\":\"BreadcrumbList\",\"@id\":\"https:\\\/\\\/cinema.video\\\/it\\\/virtuitaly-ricreare-lesperienza-dei-musei#breadcrumb\",\"itemListElement\":[{\"@type\":\"ListItem\",\"position\":1,\"name\":\"Home\",\"item\":\"https:\\\/\\\/cinema.video\\\/it\\\/home-2\"},{\"@type\":\"ListItem\",\"position\":2,\"name\":\"ART CENTRICA L&#8217;arte virtuale avvicina ai Musei\"}]},{\"@type\":\"WebSite\",\"@id\":\"https:\\\/\\\/cinema.video\\\/it#website\",\"url\":\"https:\\\/\\\/cinema.video\\\/it\",\"name\":\"Cinema & Video International\",\"description\":\"Film &amp; Audiovisual Industry Trade Magazine\",\"publisher\":{\"@id\":\"https:\\\/\\\/cinema.video\\\/it#organization\"},\"alternateName\":\"Cinema & Video\",\"potentialAction\":[{\"@type\":\"SearchAction\",\"target\":{\"@type\":\"EntryPoint\",\"urlTemplate\":\"https:\\\/\\\/cinema.video\\\/it?s={search_term_string}\"},\"query-input\":{\"@type\":\"PropertyValueSpecification\",\"valueRequired\":true,\"valueName\":\"search_term_string\"}}],\"inLanguage\":\"it-IT\"},{\"@type\":\"Organization\",\"@id\":\"https:\\\/\\\/cinema.video\\\/it#organization\",\"name\":\"Cinema & Video\",\"url\":\"https:\\\/\\\/cinema.video\\\/it\",\"logo\":{\"@type\":\"ImageObject\",\"inLanguage\":\"it-IT\",\"@id\":\"https:\\\/\\\/cinema.video\\\/it#\\\/schema\\\/logo\\\/image\\\/\",\"url\":\"https:\\\/\\\/cinema.video\\\/wp-content\\\/uploads\\\/2026\\\/04\\\/CinemVideo_LogoBlack.png\",\"contentUrl\":\"https:\\\/\\\/cinema.video\\\/wp-content\\\/uploads\\\/2026\\\/04\\\/CinemVideo_LogoBlack.png\",\"width\":1336,\"height\":224,\"caption\":\"Cinema & Video\"},\"image\":{\"@id\":\"https:\\\/\\\/cinema.video\\\/it#\\\/schema\\\/logo\\\/image\\\/\"},\"sameAs\":[\"https:\\\/\\\/www.facebook.com\\\/CinemaVideoInternational\\\/\",\"https:\\\/\\\/www.instagram.com\\\/cinemaevideointernational\\\/\",\"https:\\\/\\\/it.linkedin.com\\\/company\\\/cinema-video-international\"],\"description\":\"Media Consulting & Marketing Agency\",\"email\":\"hello@darostudio.com\",\"legalName\":\"DARO studio LLC\",\"foundingDate\":\"2021-02-16\",\"numberOfEmployees\":{\"@type\":\"QuantitativeValue\",\"minValue\":\"1\",\"maxValue\":\"10\"}},{\"@type\":\"Person\",\"@id\":\"https:\\\/\\\/cinema.video\\\/it#\\\/schema\\\/person\\\/d5479fad8d0f2360000eb4aab6bb6e5d\",\"name\":\"Carolina Mancini\",\"image\":{\"@type\":\"ImageObject\",\"inLanguage\":\"it-IT\",\"@id\":\"https:\\\/\\\/secure.gravatar.com\\\/avatar\\\/d4758965c5e8730dbaaa7131a628547771a26c1e5bf14fe323d96f8246a62baf?s=96&d=mm&r=g\",\"url\":\"https:\\\/\\\/secure.gravatar.com\\\/avatar\\\/d4758965c5e8730dbaaa7131a628547771a26c1e5bf14fe323d96f8246a62baf?s=96&d=mm&r=g\",\"contentUrl\":\"https:\\\/\\\/secure.gravatar.com\\\/avatar\\\/d4758965c5e8730dbaaa7131a628547771a26c1e5bf14fe323d96f8246a62baf?s=96&d=mm&r=g\",\"caption\":\"Carolina Mancini\"},\"url\":\"https:\\\/\\\/cinema.video\\\/it\\\/author\\\/carolin\"}]}<\/script>\n<!-- \/ Yoast SEO Premium plugin. -->","yoast_head_json":{"title":"ART CENTRICA L'arte virtuale avvicina ai Musei - Cinema &amp; Video International","description":"ART CENTRICA L'arte virtuale avvicina ai Musei \u2013 art centrica larte virtuale avvicina ai. Ricreare digitalmente l\u2019esperienza della fruizione delle opere d","robots":{"index":"index","follow":"follow","max-snippet":"max-snippet:-1","max-image-preview":"max-image-preview:large","max-video-preview":"max-video-preview:-1"},"canonical":"https:\/\/cinema.video\/it\/virtuitaly-ricreare-lesperienza-dei-musei","og_locale":"it_IT","og_type":"article","og_title":"ART CENTRICA L'arte virtuale avvicina ai Musei","og_description":"ART CENTRICA L'arte virtuale avvicina ai Musei \u2013 art centrica larte virtuale avvicina ai. Ricreare digitalmente l\u2019esperienza della fruizione delle opere d","og_url":"https:\/\/cinema.video\/it\/virtuitaly-ricreare-lesperienza-dei-musei","og_site_name":"Cinema &amp; Video International","article_publisher":"https:\/\/www.facebook.com\/CinemaVideoInternational\/","article_published_time":"2021-02-17T16:54:42+00:00","article_modified_time":"2026-04-10T01:52:08+00:00","og_image":[{"width":1399,"height":725,"url":"https:\/\/cinema.video\/wp-content\/uploads\/2021\/02\/uffizi-VE.png","type":"image\/png"}],"author":"Carolina Mancini","twitter_card":"summary_large_image","twitter_misc":{"Scritto da":"Carolina Mancini","Tempo di lettura stimato":"2 minuti"},"schema":{"@context":"https:\/\/schema.org","@graph":[{"@type":"Article","@id":"https:\/\/cinema.video\/it\/virtuitaly-ricreare-lesperienza-dei-musei#article","isPartOf":{"@id":"https:\/\/cinema.video\/it\/virtuitaly-ricreare-lesperienza-dei-musei"},"author":{"name":"Carolina Mancini","@id":"https:\/\/cinema.video\/it#\/schema\/person\/d5479fad8d0f2360000eb4aab6bb6e5d"},"headline":"ART CENTRICA L&#8217;arte virtuale avvicina ai Musei","datePublished":"2021-02-17T16:54:42+00:00","dateModified":"2026-04-10T01:52:08+00:00","mainEntityOfPage":{"@id":"https:\/\/cinema.video\/it\/virtuitaly-ricreare-lesperienza-dei-musei"},"wordCount":361,"publisher":{"@id":"https:\/\/cinema.video\/it#organization"},"image":{"@id":"https:\/\/cinema.video\/it\/virtuitaly-ricreare-lesperienza-dei-musei#primaryimage"},"thumbnailUrl":"https:\/\/cinema.video\/wp-content\/uploads\/2021\/02\/uffizi-VE.png","keywords":["focus","VR"],"inLanguage":"it-IT"},{"@type":"WebPage","@id":"https:\/\/cinema.video\/it\/virtuitaly-ricreare-lesperienza-dei-musei","url":"https:\/\/cinema.video\/it\/virtuitaly-ricreare-lesperienza-dei-musei","name":"ART CENTRICA L'arte virtuale avvicina ai Musei - Cinema &amp; Video International","isPartOf":{"@id":"https:\/\/cinema.video\/it#website"},"primaryImageOfPage":{"@id":"https:\/\/cinema.video\/it\/virtuitaly-ricreare-lesperienza-dei-musei#primaryimage"},"image":{"@id":"https:\/\/cinema.video\/it\/virtuitaly-ricreare-lesperienza-dei-musei#primaryimage"},"thumbnailUrl":"https:\/\/cinema.video\/wp-content\/uploads\/2021\/02\/uffizi-VE.png","datePublished":"2021-02-17T16:54:42+00:00","dateModified":"2026-04-10T01:52:08+00:00","description":"ART CENTRICA L'arte virtuale avvicina ai Musei \u2013 art centrica larte virtuale avvicina ai. Ricreare digitalmente l\u2019esperienza della fruizione delle opere d","breadcrumb":{"@id":"https:\/\/cinema.video\/it\/virtuitaly-ricreare-lesperienza-dei-musei#breadcrumb"},"inLanguage":"it-IT","potentialAction":[{"@type":"ReadAction","target":["https:\/\/cinema.video\/it\/virtuitaly-ricreare-lesperienza-dei-musei"]}]},{"@type":"ImageObject","inLanguage":"it-IT","@id":"https:\/\/cinema.video\/it\/virtuitaly-ricreare-lesperienza-dei-musei#primaryimage","url":"https:\/\/cinema.video\/wp-content\/uploads\/2021\/02\/uffizi-VE.png","contentUrl":"https:\/\/cinema.video\/wp-content\/uploads\/2021\/02\/uffizi-VE.png","width":1399,"height":725},{"@type":"BreadcrumbList","@id":"https:\/\/cinema.video\/it\/virtuitaly-ricreare-lesperienza-dei-musei#breadcrumb","itemListElement":[{"@type":"ListItem","position":1,"name":"Home","item":"https:\/\/cinema.video\/it\/home-2"},{"@type":"ListItem","position":2,"name":"ART CENTRICA L&#8217;arte virtuale avvicina ai Musei"}]},{"@type":"WebSite","@id":"https:\/\/cinema.video\/it#website","url":"https:\/\/cinema.video\/it","name":"Cinema & Video International","description":"Film &amp; Audiovisual Industry Trade Magazine","publisher":{"@id":"https:\/\/cinema.video\/it#organization"},"alternateName":"Cinema & Video","potentialAction":[{"@type":"SearchAction","target":{"@type":"EntryPoint","urlTemplate":"https:\/\/cinema.video\/it?s={search_term_string}"},"query-input":{"@type":"PropertyValueSpecification","valueRequired":true,"valueName":"search_term_string"}}],"inLanguage":"it-IT"},{"@type":"Organization","@id":"https:\/\/cinema.video\/it#organization","name":"Cinema & Video","url":"https:\/\/cinema.video\/it","logo":{"@type":"ImageObject","inLanguage":"it-IT","@id":"https:\/\/cinema.video\/it#\/schema\/logo\/image\/","url":"https:\/\/cinema.video\/wp-content\/uploads\/2026\/04\/CinemVideo_LogoBlack.png","contentUrl":"https:\/\/cinema.video\/wp-content\/uploads\/2026\/04\/CinemVideo_LogoBlack.png","width":1336,"height":224,"caption":"Cinema & Video"},"image":{"@id":"https:\/\/cinema.video\/it#\/schema\/logo\/image\/"},"sameAs":["https:\/\/www.facebook.com\/CinemaVideoInternational\/","https:\/\/www.instagram.com\/cinemaevideointernational\/","https:\/\/it.linkedin.com\/company\/cinema-video-international"],"description":"Media Consulting & Marketing Agency","email":"hello@darostudio.com","legalName":"DARO studio LLC","foundingDate":"2021-02-16","numberOfEmployees":{"@type":"QuantitativeValue","minValue":"1","maxValue":"10"}},{"@type":"Person","@id":"https:\/\/cinema.video\/it#\/schema\/person\/d5479fad8d0f2360000eb4aab6bb6e5d","name":"Carolina Mancini","image":{"@type":"ImageObject","inLanguage":"it-IT","@id":"https:\/\/secure.gravatar.com\/avatar\/d4758965c5e8730dbaaa7131a628547771a26c1e5bf14fe323d96f8246a62baf?s=96&d=mm&r=g","url":"https:\/\/secure.gravatar.com\/avatar\/d4758965c5e8730dbaaa7131a628547771a26c1e5bf14fe323d96f8246a62baf?s=96&d=mm&r=g","contentUrl":"https:\/\/secure.gravatar.com\/avatar\/d4758965c5e8730dbaaa7131a628547771a26c1e5bf14fe323d96f8246a62baf?s=96&d=mm&r=g","caption":"Carolina Mancini"},"url":"https:\/\/cinema.video\/it\/author\/carolin"}]}},"jetpack_featured_media_url":"https:\/\/cinema.video\/wp-content\/uploads\/2021\/02\/uffizi-VE.png","jetpack_shortlink":"https:\/\/wp.me\/ph672m-1cWX","_links":{"self":[{"href":"https:\/\/cinema.video\/it\/wp-json\/wp\/v2\/posts\/288111","targetHints":{"allow":["GET"]}}],"collection":[{"href":"https:\/\/cinema.video\/it\/wp-json\/wp\/v2\/posts"}],"about":[{"href":"https:\/\/cinema.video\/it\/wp-json\/wp\/v2\/types\/post"}],"author":[{"embeddable":true,"href":"https:\/\/cinema.video\/it\/wp-json\/wp\/v2\/users\/2"}],"replies":[{"embeddable":true,"href":"https:\/\/cinema.video\/it\/wp-json\/wp\/v2\/comments?post=288111"}],"version-history":[{"count":1,"href":"https:\/\/cinema.video\/it\/wp-json\/wp\/v2\/posts\/288111\/revisions"}],"predecessor-version":[{"id":308107,"href":"https:\/\/cinema.video\/it\/wp-json\/wp\/v2\/posts\/288111\/revisions\/308107"}],"wp:featuredmedia":[{"embeddable":true,"href":"https:\/\/cinema.video\/it\/wp-json\/wp\/v2\/media\/288112"}],"wp:attachment":[{"href":"https:\/\/cinema.video\/it\/wp-json\/wp\/v2\/media?parent=288111"}],"wp:term":[{"taxonomy":"category","embeddable":true,"href":"https:\/\/cinema.video\/it\/wp-json\/wp\/v2\/categories?post=288111"},{"taxonomy":"post_tag","embeddable":true,"href":"https:\/\/cinema.video\/it\/wp-json\/wp\/v2\/tags?post=288111"}],"curies":[{"name":"wp","href":"https:\/\/api.w.org\/{rel}","templated":true}]}}