{"id":288097,"date":"2021-02-16T12:50:05","date_gmt":"2021-02-16T11:50:05","guid":{"rendered":"https:\/\/cinema.video\/?p=288097"},"modified":"2026-04-10T03:52:07","modified_gmt":"2026-04-10T01:52:07","slug":"corti-dautore-al-via-il-terzo-concorso","status":"publish","type":"post","link":"https:\/\/cinema.video\/it\/corti-dautore-al-via-il-terzo-concorso","title":{"rendered":"CORTI D&#8217;AUTORE Al via il terzo Concorso"},"content":{"rendered":"\n<p class=\"wp-block-paragraph\">Si arricchisce di una nuova sezione competitiva il <strong>Locarno Film Festival<\/strong>, la cui 74esima edizione del Locarno Film Festival si terr\u00e0&nbsp;<strong>dal 4 al 14 agosto 2021<\/strong>.<\/p>\n\n\n\n<p class=\"wp-block-paragraph\"><strong>Corti d&#8217;autore<\/strong> sar\u00e0 il nuovo programma competitivo, riservato alle opere brevi di cineasti gi\u00e0 protagonisti del panorama internazionale impegnati a sperimentare con formati inediti e innovativi.<\/p>\n\n\n\n<p class=\"wp-block-paragraph\">I cortometraggi sono da trent\u2019anni al centro della  programmazione del Festival, con la sezione dedicata Pardi di Domani ha accolto i corti \u2013 svizzeri e internazionali \u2013 di registi che non avevano ancora realizzato lungometraggi.<\/p>\n\n\n\n<p class=\"wp-block-paragraph\">Corti d&#8217;autore, spiega il direttore artistico del festival, <strong>Giona A. Nazzaro<\/strong>: \u201c intende essere un luogo dove opere fuori formato di autori affermati trovano accoglienza e visibilit\u00e0. Una sezione nuova, competitiva, dedicata agli sguardi irregolari del cinema, senza distinzione di genere, in continuit\u00e0 con la vocazione di Locarno tesa a scoprire voci nuove lanciate verso il futuro.\u201d<\/p>\n\n\n\n<p class=\"wp-block-paragraph\">Le iscrizioni per il nuovo concorso Corti d\u2019autore sono aperte fin da subito e registe e registi da tutto il mondo possono rispondere alla call for entry per partecipare alla selezione.&nbsp;<\/p>\n\n\n\n<p class=\"wp-block-paragraph\"><strong>Eddie Bertozzi<\/strong>, responsabile Comitato Pardi di domani, che con gli altri nuovi selezionatori della sezione \u2013&nbsp;<strong>Anne Gasch\u00fctz,&nbsp;Enrico Vannucci&nbsp;e&nbsp;Valeria Wagner<\/strong>&nbsp;\u2013 si occuper\u00e0 di visionare e scegliere i cortometraggi anche per questo nuovo concorso: \u201cCorti d\u2019autore \u00e8 uno stimolante invito a ridefinire la nostra percezione di cosa sia un cortometraggio, chi lo dirige e perch\u00e9. Non solo una fondamentale palestra per talenti emergenti, ma anche terreno di elezione per artisti affermati, che nella forma breve ritrovano una libert\u00e0 inedita nel raccontare storie e sperimentare stili che sfidano le rigidit\u00e0 del formato pi\u00f9 canonico.\u201d<\/p>\n\n\n\n<p class=\"wp-block-paragraph\">In attesa di scoprire i nomi che faranno parte del concorso Corti d\u2019autore, per tutto febbraio gli amanti del formato breve possono assistere alla terza edizione delle&nbsp;<strong>Locarno Shorts Weeks<\/strong> (<span class=\"has-inline-color has-vivid-red-color\"><strong><a href=\"https:\/\/cinema.video\/locarno-i-corti-delle-shorts-weeks-fino-al-22-febbraio\" data-type=\"post\" data-id=\"288019\">leggi qui<\/a><\/strong><\/span>)<\/p>\n\n\n\n<p class=\"wp-block-paragraph\"><\/p>\n","protected":false},"excerpt":{"rendered":"<p>Corti d&#8217;autore sar\u00e0 il nuovo programma competitivo del Locarno Film Festival riservato alle opere brevi di cineasti gi\u00e0 protagonisti del panorama internazionale impegnati a sperimentare con formati inediti e innovativi<\/p>\n","protected":false},"author":26,"featured_media":288098,"comment_status":"closed","ping_status":"closed","sticky":false,"template":"","format":"standard","meta":{"googlesitekit_rrm_CAow3e7fCw:productID":"","_crdt_document":"","footnotes":""},"categories":[1],"tags":[591,356],"class_list":{"0":"post-288097","1":"post","2":"type-post","3":"status-publish","4":"format-standard","5":"has-post-thumbnail","7":"category-senza-categoria","8":"tag-cortometraggi","9":"tag-focus"},"yoast_head":"<!-- This site is optimized with the Yoast SEO Premium plugin v27.4 (Yoast SEO v27.5) - https:\/\/yoast.com\/product\/yoast-seo-premium-wordpress\/ -->\n<title>CORTI D&#039;AUTORE Al via il terzo Concorso - Cinema &amp; Video International<\/title>\n<meta name=\"description\" content=\"CORTI D&#039;AUTORE Al via il terzo Concorso \u2013 corti dautore al via il terzo. Si arricchisce di una nuova sezione competitiva il Locarno Film Festival, la cui\" \/>\n<meta name=\"robots\" content=\"index, follow, max-snippet:-1, max-image-preview:large, max-video-preview:-1\" \/>\n<link rel=\"canonical\" href=\"https:\/\/cinema.video\/it\/corti-dautore-al-via-il-terzo-concorso\" \/>\n<meta property=\"og:locale\" content=\"it_IT\" \/>\n<meta property=\"og:type\" content=\"article\" \/>\n<meta property=\"og:title\" content=\"CORTI D&#039;AUTORE Al via il terzo Concorso\" \/>\n<meta property=\"og:description\" content=\"CORTI D&#039;AUTORE Al via il terzo Concorso \u2013 corti dautore al via il terzo. Si arricchisce di una nuova sezione competitiva il Locarno Film Festival, la cui\" \/>\n<meta property=\"og:url\" content=\"https:\/\/cinema.video\/it\/corti-dautore-al-via-il-terzo-concorso\" \/>\n<meta property=\"og:site_name\" content=\"Cinema &amp; Video International\" \/>\n<meta property=\"article:publisher\" content=\"https:\/\/www.facebook.com\/CinemaVideoInternational\/\" \/>\n<meta property=\"article:published_time\" content=\"2021-02-16T11:50:05+00:00\" \/>\n<meta property=\"article:modified_time\" content=\"2026-04-10T01:52:07+00:00\" \/>\n<meta property=\"og:image\" content=\"https:\/\/cinema.video\/wp-content\/uploads\/2021\/02\/locarno-scaled-e1613476104278.jpg\" \/>\n\t<meta property=\"og:image:width\" content=\"1000\" \/>\n\t<meta property=\"og:image:height\" content=\"667\" \/>\n\t<meta property=\"og:image:type\" content=\"image\/jpeg\" \/>\n<meta name=\"author\" content=\"Redazione\" \/>\n<meta name=\"twitter:card\" content=\"summary_large_image\" \/>\n<meta name=\"twitter:label1\" content=\"Scritto da\" \/>\n\t<meta name=\"twitter:data1\" content=\"Redazione\" \/>\n\t<meta name=\"twitter:label2\" content=\"Tempo di lettura stimato\" \/>\n\t<meta name=\"twitter:data2\" content=\"2 minuti\" \/>\n<script type=\"application\/ld+json\" class=\"yoast-schema-graph\">{\"@context\":\"https:\\\/\\\/schema.org\",\"@graph\":[{\"@type\":\"Article\",\"@id\":\"https:\\\/\\\/cinema.video\\\/it\\\/corti-dautore-al-via-il-terzo-concorso#article\",\"isPartOf\":{\"@id\":\"https:\\\/\\\/cinema.video\\\/it\\\/corti-dautore-al-via-il-terzo-concorso\"},\"author\":{\"name\":\"Redazione\",\"@id\":\"https:\\\/\\\/cinema.video\\\/it#\\\/schema\\\/person\\\/aeb01b91d874e8b01e76a1db04c668c6\"},\"headline\":\"CORTI D&#8217;AUTORE Al via il terzo Concorso\",\"datePublished\":\"2021-02-16T11:50:05+00:00\",\"dateModified\":\"2026-04-10T01:52:07+00:00\",\"mainEntityOfPage\":{\"@id\":\"https:\\\/\\\/cinema.video\\\/it\\\/corti-dautore-al-via-il-terzo-concorso\"},\"wordCount\":318,\"publisher\":{\"@id\":\"https:\\\/\\\/cinema.video\\\/it#organization\"},\"image\":{\"@id\":\"https:\\\/\\\/cinema.video\\\/it\\\/corti-dautore-al-via-il-terzo-concorso#primaryimage\"},\"thumbnailUrl\":\"https:\\\/\\\/cinema.video\\\/wp-content\\\/uploads\\\/2021\\\/02\\\/locarno-scaled-e1613476104278.jpg\",\"keywords\":[\"Cortometraggi\",\"focus\"],\"inLanguage\":\"it-IT\"},{\"@type\":\"WebPage\",\"@id\":\"https:\\\/\\\/cinema.video\\\/it\\\/corti-dautore-al-via-il-terzo-concorso\",\"url\":\"https:\\\/\\\/cinema.video\\\/it\\\/corti-dautore-al-via-il-terzo-concorso\",\"name\":\"CORTI D'AUTORE Al via il terzo Concorso - Cinema &amp; Video International\",\"isPartOf\":{\"@id\":\"https:\\\/\\\/cinema.video\\\/it#website\"},\"primaryImageOfPage\":{\"@id\":\"https:\\\/\\\/cinema.video\\\/it\\\/corti-dautore-al-via-il-terzo-concorso#primaryimage\"},\"image\":{\"@id\":\"https:\\\/\\\/cinema.video\\\/it\\\/corti-dautore-al-via-il-terzo-concorso#primaryimage\"},\"thumbnailUrl\":\"https:\\\/\\\/cinema.video\\\/wp-content\\\/uploads\\\/2021\\\/02\\\/locarno-scaled-e1613476104278.jpg\",\"datePublished\":\"2021-02-16T11:50:05+00:00\",\"dateModified\":\"2026-04-10T01:52:07+00:00\",\"description\":\"CORTI D'AUTORE Al via il terzo Concorso \u2013 corti dautore al via il terzo. Si arricchisce di una nuova sezione competitiva il Locarno Film Festival, la cui\",\"breadcrumb\":{\"@id\":\"https:\\\/\\\/cinema.video\\\/it\\\/corti-dautore-al-via-il-terzo-concorso#breadcrumb\"},\"inLanguage\":\"it-IT\",\"potentialAction\":[{\"@type\":\"ReadAction\",\"target\":[\"https:\\\/\\\/cinema.video\\\/it\\\/corti-dautore-al-via-il-terzo-concorso\"]}]},{\"@type\":\"ImageObject\",\"inLanguage\":\"it-IT\",\"@id\":\"https:\\\/\\\/cinema.video\\\/it\\\/corti-dautore-al-via-il-terzo-concorso#primaryimage\",\"url\":\"https:\\\/\\\/cinema.video\\\/wp-content\\\/uploads\\\/2021\\\/02\\\/locarno-scaled-e1613476104278.jpg\",\"contentUrl\":\"https:\\\/\\\/cinema.video\\\/wp-content\\\/uploads\\\/2021\\\/02\\\/locarno-scaled-e1613476104278.jpg\",\"width\":1000,\"height\":667,\"caption\":\"Venue, Piazza Grande, award , premio Raimondo Rezzonico, pardo\"},{\"@type\":\"BreadcrumbList\",\"@id\":\"https:\\\/\\\/cinema.video\\\/it\\\/corti-dautore-al-via-il-terzo-concorso#breadcrumb\",\"itemListElement\":[{\"@type\":\"ListItem\",\"position\":1,\"name\":\"Home\",\"item\":\"https:\\\/\\\/cinema.video\\\/it\\\/home-2\"},{\"@type\":\"ListItem\",\"position\":2,\"name\":\"CORTI D&#8217;AUTORE Al via il terzo Concorso\"}]},{\"@type\":\"WebSite\",\"@id\":\"https:\\\/\\\/cinema.video\\\/it#website\",\"url\":\"https:\\\/\\\/cinema.video\\\/it\",\"name\":\"Cinema & Video International\",\"description\":\"Film &amp; Audiovisual Industry Trade Magazine\",\"publisher\":{\"@id\":\"https:\\\/\\\/cinema.video\\\/it#organization\"},\"alternateName\":\"Cinema & Video\",\"potentialAction\":[{\"@type\":\"SearchAction\",\"target\":{\"@type\":\"EntryPoint\",\"urlTemplate\":\"https:\\\/\\\/cinema.video\\\/it?s={search_term_string}\"},\"query-input\":{\"@type\":\"PropertyValueSpecification\",\"valueRequired\":true,\"valueName\":\"search_term_string\"}}],\"inLanguage\":\"it-IT\"},{\"@type\":\"Organization\",\"@id\":\"https:\\\/\\\/cinema.video\\\/it#organization\",\"name\":\"Cinema & Video\",\"url\":\"https:\\\/\\\/cinema.video\\\/it\",\"logo\":{\"@type\":\"ImageObject\",\"inLanguage\":\"it-IT\",\"@id\":\"https:\\\/\\\/cinema.video\\\/it#\\\/schema\\\/logo\\\/image\\\/\",\"url\":\"https:\\\/\\\/cinema.video\\\/wp-content\\\/uploads\\\/2026\\\/04\\\/CinemVideo_LogoBlack.png\",\"contentUrl\":\"https:\\\/\\\/cinema.video\\\/wp-content\\\/uploads\\\/2026\\\/04\\\/CinemVideo_LogoBlack.png\",\"width\":1336,\"height\":224,\"caption\":\"Cinema & Video\"},\"image\":{\"@id\":\"https:\\\/\\\/cinema.video\\\/it#\\\/schema\\\/logo\\\/image\\\/\"},\"sameAs\":[\"https:\\\/\\\/www.facebook.com\\\/CinemaVideoInternational\\\/\",\"https:\\\/\\\/www.instagram.com\\\/cinemaevideointernational\\\/\",\"https:\\\/\\\/it.linkedin.com\\\/company\\\/cinema-video-international\"],\"description\":\"Media Consulting & Marketing Agency\",\"email\":\"hello@darostudio.com\",\"legalName\":\"DARO studio LLC\",\"foundingDate\":\"2021-02-16\",\"numberOfEmployees\":{\"@type\":\"QuantitativeValue\",\"minValue\":\"1\",\"maxValue\":\"10\"}},{\"@type\":\"Person\",\"@id\":\"https:\\\/\\\/cinema.video\\\/it#\\\/schema\\\/person\\\/aeb01b91d874e8b01e76a1db04c668c6\",\"name\":\"Redazione\",\"image\":{\"@type\":\"ImageObject\",\"inLanguage\":\"it-IT\",\"@id\":\"https:\\\/\\\/secure.gravatar.com\\\/avatar\\\/06ad6f92eb14745b75fb592cadf8139d33242d81c9c8b085133c450aaf0b9731?s=96&d=mm&r=g\",\"url\":\"https:\\\/\\\/secure.gravatar.com\\\/avatar\\\/06ad6f92eb14745b75fb592cadf8139d33242d81c9c8b085133c450aaf0b9731?s=96&d=mm&r=g\",\"contentUrl\":\"https:\\\/\\\/secure.gravatar.com\\\/avatar\\\/06ad6f92eb14745b75fb592cadf8139d33242d81c9c8b085133c450aaf0b9731?s=96&d=mm&r=g\",\"caption\":\"Redazione\"},\"url\":\"https:\\\/\\\/cinema.video\\\/it\\\/author\\\/redazione\"}]}<\/script>\n<!-- \/ Yoast SEO Premium plugin. -->","yoast_head_json":{"title":"CORTI D'AUTORE Al via il terzo Concorso - Cinema &amp; Video International","description":"CORTI D'AUTORE Al via il terzo Concorso \u2013 corti dautore al via il terzo. Si arricchisce di una nuova sezione competitiva il Locarno Film Festival, la cui","robots":{"index":"index","follow":"follow","max-snippet":"max-snippet:-1","max-image-preview":"max-image-preview:large","max-video-preview":"max-video-preview:-1"},"canonical":"https:\/\/cinema.video\/it\/corti-dautore-al-via-il-terzo-concorso","og_locale":"it_IT","og_type":"article","og_title":"CORTI D'AUTORE Al via il terzo Concorso","og_description":"CORTI D'AUTORE Al via il terzo Concorso \u2013 corti dautore al via il terzo. Si arricchisce di una nuova sezione competitiva il Locarno Film Festival, la cui","og_url":"https:\/\/cinema.video\/it\/corti-dautore-al-via-il-terzo-concorso","og_site_name":"Cinema &amp; Video International","article_publisher":"https:\/\/www.facebook.com\/CinemaVideoInternational\/","article_published_time":"2021-02-16T11:50:05+00:00","article_modified_time":"2026-04-10T01:52:07+00:00","og_image":[{"width":1000,"height":667,"url":"https:\/\/cinema.video\/wp-content\/uploads\/2021\/02\/locarno-scaled-e1613476104278.jpg","type":"image\/jpeg"}],"author":"Redazione","twitter_card":"summary_large_image","twitter_misc":{"Scritto da":"Redazione","Tempo di lettura stimato":"2 minuti"},"schema":{"@context":"https:\/\/schema.org","@graph":[{"@type":"Article","@id":"https:\/\/cinema.video\/it\/corti-dautore-al-via-il-terzo-concorso#article","isPartOf":{"@id":"https:\/\/cinema.video\/it\/corti-dautore-al-via-il-terzo-concorso"},"author":{"name":"Redazione","@id":"https:\/\/cinema.video\/it#\/schema\/person\/aeb01b91d874e8b01e76a1db04c668c6"},"headline":"CORTI D&#8217;AUTORE Al via il terzo Concorso","datePublished":"2021-02-16T11:50:05+00:00","dateModified":"2026-04-10T01:52:07+00:00","mainEntityOfPage":{"@id":"https:\/\/cinema.video\/it\/corti-dautore-al-via-il-terzo-concorso"},"wordCount":318,"publisher":{"@id":"https:\/\/cinema.video\/it#organization"},"image":{"@id":"https:\/\/cinema.video\/it\/corti-dautore-al-via-il-terzo-concorso#primaryimage"},"thumbnailUrl":"https:\/\/cinema.video\/wp-content\/uploads\/2021\/02\/locarno-scaled-e1613476104278.jpg","keywords":["Cortometraggi","focus"],"inLanguage":"it-IT"},{"@type":"WebPage","@id":"https:\/\/cinema.video\/it\/corti-dautore-al-via-il-terzo-concorso","url":"https:\/\/cinema.video\/it\/corti-dautore-al-via-il-terzo-concorso","name":"CORTI D'AUTORE Al via il terzo Concorso - Cinema &amp; Video International","isPartOf":{"@id":"https:\/\/cinema.video\/it#website"},"primaryImageOfPage":{"@id":"https:\/\/cinema.video\/it\/corti-dautore-al-via-il-terzo-concorso#primaryimage"},"image":{"@id":"https:\/\/cinema.video\/it\/corti-dautore-al-via-il-terzo-concorso#primaryimage"},"thumbnailUrl":"https:\/\/cinema.video\/wp-content\/uploads\/2021\/02\/locarno-scaled-e1613476104278.jpg","datePublished":"2021-02-16T11:50:05+00:00","dateModified":"2026-04-10T01:52:07+00:00","description":"CORTI D'AUTORE Al via il terzo Concorso \u2013 corti dautore al via il terzo. Si arricchisce di una nuova sezione competitiva il Locarno Film Festival, la cui","breadcrumb":{"@id":"https:\/\/cinema.video\/it\/corti-dautore-al-via-il-terzo-concorso#breadcrumb"},"inLanguage":"it-IT","potentialAction":[{"@type":"ReadAction","target":["https:\/\/cinema.video\/it\/corti-dautore-al-via-il-terzo-concorso"]}]},{"@type":"ImageObject","inLanguage":"it-IT","@id":"https:\/\/cinema.video\/it\/corti-dautore-al-via-il-terzo-concorso#primaryimage","url":"https:\/\/cinema.video\/wp-content\/uploads\/2021\/02\/locarno-scaled-e1613476104278.jpg","contentUrl":"https:\/\/cinema.video\/wp-content\/uploads\/2021\/02\/locarno-scaled-e1613476104278.jpg","width":1000,"height":667,"caption":"Venue, Piazza Grande, award , premio Raimondo Rezzonico, pardo"},{"@type":"BreadcrumbList","@id":"https:\/\/cinema.video\/it\/corti-dautore-al-via-il-terzo-concorso#breadcrumb","itemListElement":[{"@type":"ListItem","position":1,"name":"Home","item":"https:\/\/cinema.video\/it\/home-2"},{"@type":"ListItem","position":2,"name":"CORTI D&#8217;AUTORE Al via il terzo Concorso"}]},{"@type":"WebSite","@id":"https:\/\/cinema.video\/it#website","url":"https:\/\/cinema.video\/it","name":"Cinema & Video International","description":"Film &amp; Audiovisual Industry Trade Magazine","publisher":{"@id":"https:\/\/cinema.video\/it#organization"},"alternateName":"Cinema & Video","potentialAction":[{"@type":"SearchAction","target":{"@type":"EntryPoint","urlTemplate":"https:\/\/cinema.video\/it?s={search_term_string}"},"query-input":{"@type":"PropertyValueSpecification","valueRequired":true,"valueName":"search_term_string"}}],"inLanguage":"it-IT"},{"@type":"Organization","@id":"https:\/\/cinema.video\/it#organization","name":"Cinema & Video","url":"https:\/\/cinema.video\/it","logo":{"@type":"ImageObject","inLanguage":"it-IT","@id":"https:\/\/cinema.video\/it#\/schema\/logo\/image\/","url":"https:\/\/cinema.video\/wp-content\/uploads\/2026\/04\/CinemVideo_LogoBlack.png","contentUrl":"https:\/\/cinema.video\/wp-content\/uploads\/2026\/04\/CinemVideo_LogoBlack.png","width":1336,"height":224,"caption":"Cinema & Video"},"image":{"@id":"https:\/\/cinema.video\/it#\/schema\/logo\/image\/"},"sameAs":["https:\/\/www.facebook.com\/CinemaVideoInternational\/","https:\/\/www.instagram.com\/cinemaevideointernational\/","https:\/\/it.linkedin.com\/company\/cinema-video-international"],"description":"Media Consulting & Marketing Agency","email":"hello@darostudio.com","legalName":"DARO studio LLC","foundingDate":"2021-02-16","numberOfEmployees":{"@type":"QuantitativeValue","minValue":"1","maxValue":"10"}},{"@type":"Person","@id":"https:\/\/cinema.video\/it#\/schema\/person\/aeb01b91d874e8b01e76a1db04c668c6","name":"Redazione","image":{"@type":"ImageObject","inLanguage":"it-IT","@id":"https:\/\/secure.gravatar.com\/avatar\/06ad6f92eb14745b75fb592cadf8139d33242d81c9c8b085133c450aaf0b9731?s=96&d=mm&r=g","url":"https:\/\/secure.gravatar.com\/avatar\/06ad6f92eb14745b75fb592cadf8139d33242d81c9c8b085133c450aaf0b9731?s=96&d=mm&r=g","contentUrl":"https:\/\/secure.gravatar.com\/avatar\/06ad6f92eb14745b75fb592cadf8139d33242d81c9c8b085133c450aaf0b9731?s=96&d=mm&r=g","caption":"Redazione"},"url":"https:\/\/cinema.video\/it\/author\/redazione"}]}},"jetpack_featured_media_url":"https:\/\/cinema.video\/wp-content\/uploads\/2021\/02\/locarno-scaled-e1613476104278.jpg","jetpack_shortlink":"https:\/\/wp.me\/ph672m-1cWJ","_links":{"self":[{"href":"https:\/\/cinema.video\/it\/wp-json\/wp\/v2\/posts\/288097","targetHints":{"allow":["GET"]}}],"collection":[{"href":"https:\/\/cinema.video\/it\/wp-json\/wp\/v2\/posts"}],"about":[{"href":"https:\/\/cinema.video\/it\/wp-json\/wp\/v2\/types\/post"}],"author":[{"embeddable":true,"href":"https:\/\/cinema.video\/it\/wp-json\/wp\/v2\/users\/26"}],"replies":[{"embeddable":true,"href":"https:\/\/cinema.video\/it\/wp-json\/wp\/v2\/comments?post=288097"}],"version-history":[{"count":1,"href":"https:\/\/cinema.video\/it\/wp-json\/wp\/v2\/posts\/288097\/revisions"}],"predecessor-version":[{"id":308103,"href":"https:\/\/cinema.video\/it\/wp-json\/wp\/v2\/posts\/288097\/revisions\/308103"}],"wp:featuredmedia":[{"embeddable":true,"href":"https:\/\/cinema.video\/it\/wp-json\/wp\/v2\/media\/288098"}],"wp:attachment":[{"href":"https:\/\/cinema.video\/it\/wp-json\/wp\/v2\/media?parent=288097"}],"wp:term":[{"taxonomy":"category","embeddable":true,"href":"https:\/\/cinema.video\/it\/wp-json\/wp\/v2\/categories?post=288097"},{"taxonomy":"post_tag","embeddable":true,"href":"https:\/\/cinema.video\/it\/wp-json\/wp\/v2\/tags?post=288097"}],"curies":[{"name":"wp","href":"https:\/\/api.w.org\/{rel}","templated":true}]}}