{"id":276729,"date":"2021-01-21T19:19:00","date_gmt":"2021-01-21T18:19:00","guid":{"rendered":"https:\/\/cinema.video\/?p=276729"},"modified":"2026-04-10T03:51:46","modified_gmt":"2026-04-10T01:51:46","slug":"58-miptv-prime-anticipazioni-del-mercato-primaverile-della-tv","status":"publish","type":"post","link":"https:\/\/cinema.video\/it\/58-miptv-prime-anticipazioni-del-mercato-primaverile-della-tv","title":{"rendered":"58 MIPTV Prime anticipazioni del mercato primaverile della TV"},"content":{"rendered":"\n<p class=\"wp-block-paragraph\">Si volger\u00e0 dal 12 al 16 aprile la 58\u00b0 edizione del <strong>Digital MIPTV:<\/strong>il mercato primaverile della tv nella sua versione online si focalizzer\u00e0 soprattutto sui meetings, dagli incontri one to one prefissati, agli speedmeetings tematici, dagli workshop alle sessioni di mentoring, a quelle con buyers e commissioners, inglobando anche gli appuntamenti di <strong>MIPDoc e MIPFormats<\/strong>..<\/p>\n\n\n\n<p class=\"wp-block-paragraph\">Tre i livelli di partecipazione offerti: <\/p>\n\n\n\n<p class=\"wp-block-paragraph\"><strong>Digital Pass<\/strong>&nbsp;che offre l&#8217;accesso a tutto il programma settimanale di meetings, conferenze, sessioni di networking e workshops (dal 12 al 16 aprile);<\/p>\n\n\n\n<p class=\"wp-block-paragraph\"><strong>One-to-One Distribution Market<\/strong>&nbsp;per distributori di documentari, formats e factually e per i buyers  (13-15 aprile);<\/p>\n\n\n\n<p class=\"wp-block-paragraph\"><strong>One-to-One Coproduction &amp; Development Forum<\/strong>&nbsp;per produttori e distributori di documentari, formats e factually, buyers e  commissioners (13-15 aprile).<\/p>\n\n\n\n<p class=\"wp-block-paragraph\">In parallelo, e in presenza, si svolger\u00e0 la 4\u00b0 edizione di <strong>CANNESERIES<\/strong>, dal 9 al 14 aprile.<\/p>\n\n\n\n<figure class=\"wp-block-table\"><table><tbody><tr><td>Il 9 aprile si terr\u00e0 anche il <strong>pre-market Discovery Showcases<\/strong>, che offrir\u00e0 ai buyers un&#8217;anteprima dei nuovi e pi\u00f9 attesi contenuti.<\/td><\/tr><tr><td><\/td><\/tr><tr><td> L&#8217;accesso dei partecipanti alla piattaforma di networking sar\u00e0 consentito dal 29 marzo e il contenuto rester\u00e0 disponibile fino al 14 maggio. <\/td><\/tr><\/tbody><\/table><\/figure>\n\n\n\n<p class=\"wp-block-paragraph\">\u201cIl Reed MIDEM \u00e8 stato in prima linea nella transizione al digitale con il MIPTV 2020. Adesso, dopo un anno, torniamo con una nuova edizione in cui metteremo a frutto tutto ci\u00f2 che abbiamo imparato, &#8211; dichiara <strong>Lucy Smith<\/strong>, Vice Direttore della Divisione Televisiva del Reed MIDEM- anche se non vediamo l&#8217;ora di tornare alla versione fisica del mercato, sappiamo che il digitale avr\u00e0 un ruolo sempre pi\u00f9 importante nel futuro: c&#8217;\u00e8 un grande appetito di efficaci incontri di business online che il MIPTV pu\u00f2 garantire grazie alla nostra efficiente e ormai consolidata piattaforma di matchmaking platform.\u201d<\/p>\n","protected":false},"excerpt":{"rendered":"<p>Le prime anticipazioni della 58\u00b0 edizione del Digital MIPTV, che inglober\u00e0 nella sua piattaforma anche MIPFormats e MIPDoc, e si svolger\u00e0 in parallelo a CANNESERIES <\/p>\n","protected":false},"author":26,"featured_media":276759,"comment_status":"closed","ping_status":"closed","sticky":false,"template":"","format":"standard","meta":{"googlesitekit_rrm_CAow3e7fCw:productID":"","_crdt_document":"","footnotes":""},"categories":[1],"tags":[254,2319],"class_list":{"0":"post-276729","1":"post","2":"type-post","3":"status-publish","4":"format-standard","5":"has-post-thumbnail","7":"category-senza-categoria","8":"tag-canneseries","9":"tag-mip-markets"},"yoast_head":"<!-- This site is optimized with the Yoast SEO Premium plugin v27.4 (Yoast SEO v27.5) - https:\/\/yoast.com\/product\/yoast-seo-premium-wordpress\/ -->\n<title>58 MIPTV Prime anticipazioni del mercato primaverile della TV - Cinema &amp; Video International<\/title>\n<meta name=\"description\" content=\"58 MIPTV Prime anticipazioni del mercato primaverile della TV \u2013 58 miptv prime anticipazioni del mercato. Si volger\u00e0 dal 12 al 16 aprile la 58\u00b0 edizione d\" \/>\n<meta name=\"robots\" content=\"index, follow, max-snippet:-1, max-image-preview:large, max-video-preview:-1\" \/>\n<link rel=\"canonical\" href=\"https:\/\/cinema.video\/it\/58-miptv-prime-anticipazioni-del-mercato-primaverile-della-tv\" \/>\n<meta property=\"og:locale\" content=\"it_IT\" \/>\n<meta property=\"og:type\" content=\"article\" \/>\n<meta property=\"og:title\" content=\"58 MIPTV Prime anticipazioni del mercato primaverile della TV\" \/>\n<meta property=\"og:description\" content=\"58 MIPTV Prime anticipazioni del mercato primaverile della TV \u2013 58 miptv prime anticipazioni del mercato. Si volger\u00e0 dal 12 al 16 aprile la 58\u00b0 edizione d\" \/>\n<meta property=\"og:url\" content=\"https:\/\/cinema.video\/it\/58-miptv-prime-anticipazioni-del-mercato-primaverile-della-tv\" \/>\n<meta property=\"og:site_name\" content=\"Cinema &amp; Video International\" \/>\n<meta property=\"article:publisher\" content=\"https:\/\/www.facebook.com\/CinemaVideoInternational\/\" \/>\n<meta property=\"article:published_time\" content=\"2021-01-21T18:19:00+00:00\" \/>\n<meta property=\"article:modified_time\" content=\"2026-04-10T01:51:46+00:00\" \/>\n<meta property=\"og:image\" content=\"https:\/\/cinema.video\/wp-content\/uploads\/2021\/01\/digital-mptv.jpg\" \/>\n\t<meta property=\"og:image:width\" content=\"1920\" \/>\n\t<meta property=\"og:image:height\" content=\"1080\" \/>\n\t<meta property=\"og:image:type\" content=\"image\/jpeg\" \/>\n<meta name=\"author\" content=\"Redazione\" \/>\n<meta name=\"twitter:card\" content=\"summary_large_image\" \/>\n<meta name=\"twitter:label1\" content=\"Scritto da\" \/>\n\t<meta name=\"twitter:data1\" content=\"Redazione\" \/>\n\t<meta name=\"twitter:label2\" content=\"Tempo di lettura stimato\" \/>\n\t<meta name=\"twitter:data2\" content=\"1 minuto\" \/>\n<script type=\"application\/ld+json\" class=\"yoast-schema-graph\">{\"@context\":\"https:\\\/\\\/schema.org\",\"@graph\":[{\"@type\":\"Article\",\"@id\":\"https:\\\/\\\/cinema.video\\\/it\\\/58-miptv-prime-anticipazioni-del-mercato-primaverile-della-tv#article\",\"isPartOf\":{\"@id\":\"https:\\\/\\\/cinema.video\\\/it\\\/58-miptv-prime-anticipazioni-del-mercato-primaverile-della-tv\"},\"author\":{\"name\":\"Redazione\",\"@id\":\"https:\\\/\\\/cinema.video\\\/it#\\\/schema\\\/person\\\/aeb01b91d874e8b01e76a1db04c668c6\"},\"headline\":\"58 MIPTV Prime anticipazioni del mercato primaverile della TV\",\"datePublished\":\"2021-01-21T18:19:00+00:00\",\"dateModified\":\"2026-04-10T01:51:46+00:00\",\"mainEntityOfPage\":{\"@id\":\"https:\\\/\\\/cinema.video\\\/it\\\/58-miptv-prime-anticipazioni-del-mercato-primaverile-della-tv\"},\"wordCount\":278,\"publisher\":{\"@id\":\"https:\\\/\\\/cinema.video\\\/it#organization\"},\"image\":{\"@id\":\"https:\\\/\\\/cinema.video\\\/it\\\/58-miptv-prime-anticipazioni-del-mercato-primaverile-della-tv#primaryimage\"},\"thumbnailUrl\":\"https:\\\/\\\/cinema.video\\\/wp-content\\\/uploads\\\/2021\\\/01\\\/digital-mptv.jpg\",\"keywords\":[\"CanneSeries\",\"MIP MARKETS\"],\"inLanguage\":\"it-IT\"},{\"@type\":\"WebPage\",\"@id\":\"https:\\\/\\\/cinema.video\\\/it\\\/58-miptv-prime-anticipazioni-del-mercato-primaverile-della-tv\",\"url\":\"https:\\\/\\\/cinema.video\\\/it\\\/58-miptv-prime-anticipazioni-del-mercato-primaverile-della-tv\",\"name\":\"58 MIPTV Prime anticipazioni del mercato primaverile della TV - Cinema &amp; Video International\",\"isPartOf\":{\"@id\":\"https:\\\/\\\/cinema.video\\\/it#website\"},\"primaryImageOfPage\":{\"@id\":\"https:\\\/\\\/cinema.video\\\/it\\\/58-miptv-prime-anticipazioni-del-mercato-primaverile-della-tv#primaryimage\"},\"image\":{\"@id\":\"https:\\\/\\\/cinema.video\\\/it\\\/58-miptv-prime-anticipazioni-del-mercato-primaverile-della-tv#primaryimage\"},\"thumbnailUrl\":\"https:\\\/\\\/cinema.video\\\/wp-content\\\/uploads\\\/2021\\\/01\\\/digital-mptv.jpg\",\"datePublished\":\"2021-01-21T18:19:00+00:00\",\"dateModified\":\"2026-04-10T01:51:46+00:00\",\"description\":\"58 MIPTV Prime anticipazioni del mercato primaverile della TV \u2013 58 miptv prime anticipazioni del mercato. Si volger\u00e0 dal 12 al 16 aprile la 58\u00b0 edizione d\",\"breadcrumb\":{\"@id\":\"https:\\\/\\\/cinema.video\\\/it\\\/58-miptv-prime-anticipazioni-del-mercato-primaverile-della-tv#breadcrumb\"},\"inLanguage\":\"it-IT\",\"potentialAction\":[{\"@type\":\"ReadAction\",\"target\":[\"https:\\\/\\\/cinema.video\\\/it\\\/58-miptv-prime-anticipazioni-del-mercato-primaverile-della-tv\"]}]},{\"@type\":\"ImageObject\",\"inLanguage\":\"it-IT\",\"@id\":\"https:\\\/\\\/cinema.video\\\/it\\\/58-miptv-prime-anticipazioni-del-mercato-primaverile-della-tv#primaryimage\",\"url\":\"https:\\\/\\\/cinema.video\\\/wp-content\\\/uploads\\\/2021\\\/01\\\/digital-mptv.jpg\",\"contentUrl\":\"https:\\\/\\\/cinema.video\\\/wp-content\\\/uploads\\\/2021\\\/01\\\/digital-mptv.jpg\",\"width\":1920,\"height\":1080},{\"@type\":\"BreadcrumbList\",\"@id\":\"https:\\\/\\\/cinema.video\\\/it\\\/58-miptv-prime-anticipazioni-del-mercato-primaverile-della-tv#breadcrumb\",\"itemListElement\":[{\"@type\":\"ListItem\",\"position\":1,\"name\":\"Home\",\"item\":\"https:\\\/\\\/cinema.video\\\/it\\\/home-2\"},{\"@type\":\"ListItem\",\"position\":2,\"name\":\"58 MIPTV Prime anticipazioni del mercato primaverile della TV\"}]},{\"@type\":\"WebSite\",\"@id\":\"https:\\\/\\\/cinema.video\\\/it#website\",\"url\":\"https:\\\/\\\/cinema.video\\\/it\",\"name\":\"Cinema & Video International\",\"description\":\"Film &amp; Audiovisual Industry Trade Magazine\",\"publisher\":{\"@id\":\"https:\\\/\\\/cinema.video\\\/it#organization\"},\"alternateName\":\"Cinema & Video\",\"potentialAction\":[{\"@type\":\"SearchAction\",\"target\":{\"@type\":\"EntryPoint\",\"urlTemplate\":\"https:\\\/\\\/cinema.video\\\/it?s={search_term_string}\"},\"query-input\":{\"@type\":\"PropertyValueSpecification\",\"valueRequired\":true,\"valueName\":\"search_term_string\"}}],\"inLanguage\":\"it-IT\"},{\"@type\":\"Organization\",\"@id\":\"https:\\\/\\\/cinema.video\\\/it#organization\",\"name\":\"Cinema & Video\",\"url\":\"https:\\\/\\\/cinema.video\\\/it\",\"logo\":{\"@type\":\"ImageObject\",\"inLanguage\":\"it-IT\",\"@id\":\"https:\\\/\\\/cinema.video\\\/it#\\\/schema\\\/logo\\\/image\\\/\",\"url\":\"https:\\\/\\\/cinema.video\\\/wp-content\\\/uploads\\\/2026\\\/04\\\/CinemVideo_LogoBlack.png\",\"contentUrl\":\"https:\\\/\\\/cinema.video\\\/wp-content\\\/uploads\\\/2026\\\/04\\\/CinemVideo_LogoBlack.png\",\"width\":1336,\"height\":224,\"caption\":\"Cinema & Video\"},\"image\":{\"@id\":\"https:\\\/\\\/cinema.video\\\/it#\\\/schema\\\/logo\\\/image\\\/\"},\"sameAs\":[\"https:\\\/\\\/www.facebook.com\\\/CinemaVideoInternational\\\/\",\"https:\\\/\\\/www.instagram.com\\\/cinemaevideointernational\\\/\",\"https:\\\/\\\/it.linkedin.com\\\/company\\\/cinema-video-international\"],\"description\":\"Media Consulting & Marketing Agency\",\"email\":\"hello@darostudio.com\",\"legalName\":\"DARO studio LLC\",\"foundingDate\":\"2021-02-16\",\"numberOfEmployees\":{\"@type\":\"QuantitativeValue\",\"minValue\":\"1\",\"maxValue\":\"10\"}},{\"@type\":\"Person\",\"@id\":\"https:\\\/\\\/cinema.video\\\/it#\\\/schema\\\/person\\\/aeb01b91d874e8b01e76a1db04c668c6\",\"name\":\"Redazione\",\"image\":{\"@type\":\"ImageObject\",\"inLanguage\":\"it-IT\",\"@id\":\"https:\\\/\\\/secure.gravatar.com\\\/avatar\\\/06ad6f92eb14745b75fb592cadf8139d33242d81c9c8b085133c450aaf0b9731?s=96&d=mm&r=g\",\"url\":\"https:\\\/\\\/secure.gravatar.com\\\/avatar\\\/06ad6f92eb14745b75fb592cadf8139d33242d81c9c8b085133c450aaf0b9731?s=96&d=mm&r=g\",\"contentUrl\":\"https:\\\/\\\/secure.gravatar.com\\\/avatar\\\/06ad6f92eb14745b75fb592cadf8139d33242d81c9c8b085133c450aaf0b9731?s=96&d=mm&r=g\",\"caption\":\"Redazione\"},\"url\":\"https:\\\/\\\/cinema.video\\\/it\\\/author\\\/redazione\"}]}<\/script>\n<!-- \/ Yoast SEO Premium plugin. -->","yoast_head_json":{"title":"58 MIPTV Prime anticipazioni del mercato primaverile della TV - Cinema &amp; Video International","description":"58 MIPTV Prime anticipazioni del mercato primaverile della TV \u2013 58 miptv prime anticipazioni del mercato. Si volger\u00e0 dal 12 al 16 aprile la 58\u00b0 edizione d","robots":{"index":"index","follow":"follow","max-snippet":"max-snippet:-1","max-image-preview":"max-image-preview:large","max-video-preview":"max-video-preview:-1"},"canonical":"https:\/\/cinema.video\/it\/58-miptv-prime-anticipazioni-del-mercato-primaverile-della-tv","og_locale":"it_IT","og_type":"article","og_title":"58 MIPTV Prime anticipazioni del mercato primaverile della TV","og_description":"58 MIPTV Prime anticipazioni del mercato primaverile della TV \u2013 58 miptv prime anticipazioni del mercato. Si volger\u00e0 dal 12 al 16 aprile la 58\u00b0 edizione d","og_url":"https:\/\/cinema.video\/it\/58-miptv-prime-anticipazioni-del-mercato-primaverile-della-tv","og_site_name":"Cinema &amp; Video International","article_publisher":"https:\/\/www.facebook.com\/CinemaVideoInternational\/","article_published_time":"2021-01-21T18:19:00+00:00","article_modified_time":"2026-04-10T01:51:46+00:00","og_image":[{"width":1920,"height":1080,"url":"https:\/\/cinema.video\/wp-content\/uploads\/2021\/01\/digital-mptv.jpg","type":"image\/jpeg"}],"author":"Redazione","twitter_card":"summary_large_image","twitter_misc":{"Scritto da":"Redazione","Tempo di lettura stimato":"1 minuto"},"schema":{"@context":"https:\/\/schema.org","@graph":[{"@type":"Article","@id":"https:\/\/cinema.video\/it\/58-miptv-prime-anticipazioni-del-mercato-primaverile-della-tv#article","isPartOf":{"@id":"https:\/\/cinema.video\/it\/58-miptv-prime-anticipazioni-del-mercato-primaverile-della-tv"},"author":{"name":"Redazione","@id":"https:\/\/cinema.video\/it#\/schema\/person\/aeb01b91d874e8b01e76a1db04c668c6"},"headline":"58 MIPTV Prime anticipazioni del mercato primaverile della TV","datePublished":"2021-01-21T18:19:00+00:00","dateModified":"2026-04-10T01:51:46+00:00","mainEntityOfPage":{"@id":"https:\/\/cinema.video\/it\/58-miptv-prime-anticipazioni-del-mercato-primaverile-della-tv"},"wordCount":278,"publisher":{"@id":"https:\/\/cinema.video\/it#organization"},"image":{"@id":"https:\/\/cinema.video\/it\/58-miptv-prime-anticipazioni-del-mercato-primaverile-della-tv#primaryimage"},"thumbnailUrl":"https:\/\/cinema.video\/wp-content\/uploads\/2021\/01\/digital-mptv.jpg","keywords":["CanneSeries","MIP MARKETS"],"inLanguage":"it-IT"},{"@type":"WebPage","@id":"https:\/\/cinema.video\/it\/58-miptv-prime-anticipazioni-del-mercato-primaverile-della-tv","url":"https:\/\/cinema.video\/it\/58-miptv-prime-anticipazioni-del-mercato-primaverile-della-tv","name":"58 MIPTV Prime anticipazioni del mercato primaverile della TV - Cinema &amp; Video International","isPartOf":{"@id":"https:\/\/cinema.video\/it#website"},"primaryImageOfPage":{"@id":"https:\/\/cinema.video\/it\/58-miptv-prime-anticipazioni-del-mercato-primaverile-della-tv#primaryimage"},"image":{"@id":"https:\/\/cinema.video\/it\/58-miptv-prime-anticipazioni-del-mercato-primaverile-della-tv#primaryimage"},"thumbnailUrl":"https:\/\/cinema.video\/wp-content\/uploads\/2021\/01\/digital-mptv.jpg","datePublished":"2021-01-21T18:19:00+00:00","dateModified":"2026-04-10T01:51:46+00:00","description":"58 MIPTV Prime anticipazioni del mercato primaverile della TV \u2013 58 miptv prime anticipazioni del mercato. Si volger\u00e0 dal 12 al 16 aprile la 58\u00b0 edizione d","breadcrumb":{"@id":"https:\/\/cinema.video\/it\/58-miptv-prime-anticipazioni-del-mercato-primaverile-della-tv#breadcrumb"},"inLanguage":"it-IT","potentialAction":[{"@type":"ReadAction","target":["https:\/\/cinema.video\/it\/58-miptv-prime-anticipazioni-del-mercato-primaverile-della-tv"]}]},{"@type":"ImageObject","inLanguage":"it-IT","@id":"https:\/\/cinema.video\/it\/58-miptv-prime-anticipazioni-del-mercato-primaverile-della-tv#primaryimage","url":"https:\/\/cinema.video\/wp-content\/uploads\/2021\/01\/digital-mptv.jpg","contentUrl":"https:\/\/cinema.video\/wp-content\/uploads\/2021\/01\/digital-mptv.jpg","width":1920,"height":1080},{"@type":"BreadcrumbList","@id":"https:\/\/cinema.video\/it\/58-miptv-prime-anticipazioni-del-mercato-primaverile-della-tv#breadcrumb","itemListElement":[{"@type":"ListItem","position":1,"name":"Home","item":"https:\/\/cinema.video\/it\/home-2"},{"@type":"ListItem","position":2,"name":"58 MIPTV Prime anticipazioni del mercato primaverile della TV"}]},{"@type":"WebSite","@id":"https:\/\/cinema.video\/it#website","url":"https:\/\/cinema.video\/it","name":"Cinema & Video International","description":"Film &amp; Audiovisual Industry Trade Magazine","publisher":{"@id":"https:\/\/cinema.video\/it#organization"},"alternateName":"Cinema & Video","potentialAction":[{"@type":"SearchAction","target":{"@type":"EntryPoint","urlTemplate":"https:\/\/cinema.video\/it?s={search_term_string}"},"query-input":{"@type":"PropertyValueSpecification","valueRequired":true,"valueName":"search_term_string"}}],"inLanguage":"it-IT"},{"@type":"Organization","@id":"https:\/\/cinema.video\/it#organization","name":"Cinema & Video","url":"https:\/\/cinema.video\/it","logo":{"@type":"ImageObject","inLanguage":"it-IT","@id":"https:\/\/cinema.video\/it#\/schema\/logo\/image\/","url":"https:\/\/cinema.video\/wp-content\/uploads\/2026\/04\/CinemVideo_LogoBlack.png","contentUrl":"https:\/\/cinema.video\/wp-content\/uploads\/2026\/04\/CinemVideo_LogoBlack.png","width":1336,"height":224,"caption":"Cinema & Video"},"image":{"@id":"https:\/\/cinema.video\/it#\/schema\/logo\/image\/"},"sameAs":["https:\/\/www.facebook.com\/CinemaVideoInternational\/","https:\/\/www.instagram.com\/cinemaevideointernational\/","https:\/\/it.linkedin.com\/company\/cinema-video-international"],"description":"Media Consulting & Marketing Agency","email":"hello@darostudio.com","legalName":"DARO studio LLC","foundingDate":"2021-02-16","numberOfEmployees":{"@type":"QuantitativeValue","minValue":"1","maxValue":"10"}},{"@type":"Person","@id":"https:\/\/cinema.video\/it#\/schema\/person\/aeb01b91d874e8b01e76a1db04c668c6","name":"Redazione","image":{"@type":"ImageObject","inLanguage":"it-IT","@id":"https:\/\/secure.gravatar.com\/avatar\/06ad6f92eb14745b75fb592cadf8139d33242d81c9c8b085133c450aaf0b9731?s=96&d=mm&r=g","url":"https:\/\/secure.gravatar.com\/avatar\/06ad6f92eb14745b75fb592cadf8139d33242d81c9c8b085133c450aaf0b9731?s=96&d=mm&r=g","contentUrl":"https:\/\/secure.gravatar.com\/avatar\/06ad6f92eb14745b75fb592cadf8139d33242d81c9c8b085133c450aaf0b9731?s=96&d=mm&r=g","caption":"Redazione"},"url":"https:\/\/cinema.video\/it\/author\/redazione"}]}},"jetpack_featured_media_url":"https:\/\/cinema.video\/wp-content\/uploads\/2021\/01\/digital-mptv.jpg","jetpack_shortlink":"https:\/\/wp.me\/ph672m-19Zn","_links":{"self":[{"href":"https:\/\/cinema.video\/it\/wp-json\/wp\/v2\/posts\/276729","targetHints":{"allow":["GET"]}}],"collection":[{"href":"https:\/\/cinema.video\/it\/wp-json\/wp\/v2\/posts"}],"about":[{"href":"https:\/\/cinema.video\/it\/wp-json\/wp\/v2\/types\/post"}],"author":[{"embeddable":true,"href":"https:\/\/cinema.video\/it\/wp-json\/wp\/v2\/users\/26"}],"replies":[{"embeddable":true,"href":"https:\/\/cinema.video\/it\/wp-json\/wp\/v2\/comments?post=276729"}],"version-history":[{"count":1,"href":"https:\/\/cinema.video\/it\/wp-json\/wp\/v2\/posts\/276729\/revisions"}],"predecessor-version":[{"id":308070,"href":"https:\/\/cinema.video\/it\/wp-json\/wp\/v2\/posts\/276729\/revisions\/308070"}],"wp:featuredmedia":[{"embeddable":true,"href":"https:\/\/cinema.video\/it\/wp-json\/wp\/v2\/media\/276759"}],"wp:attachment":[{"href":"https:\/\/cinema.video\/it\/wp-json\/wp\/v2\/media?parent=276729"}],"wp:term":[{"taxonomy":"category","embeddable":true,"href":"https:\/\/cinema.video\/it\/wp-json\/wp\/v2\/categories?post=276729"},{"taxonomy":"post_tag","embeddable":true,"href":"https:\/\/cinema.video\/it\/wp-json\/wp\/v2\/tags?post=276729"}],"curies":[{"name":"wp","href":"https:\/\/api.w.org\/{rel}","templated":true}]}}