{"id":23,"date":"2007-02-06T00:00:00","date_gmt":"2007-02-06T00:00:00","guid":{"rendered":"https:\/\/cinema.video\/calendario-mediasalles-cinepanettoni-in-germania"},"modified":"2026-04-10T03:09:57","modified_gmt":"2026-04-10T01:09:57","slug":"calendario-mediasalles-cinepanettoni-in-germania","status":"publish","type":"post","link":"https:\/\/cinema.video\/it\/calendario-mediasalles-cinepanettoni-in-germania","title":{"rendered":"CALENDARIO MEDIASALLES Cinepanettoni in Germania"},"content":{"rendered":"<p><P>di Elisabetta Brunella<\/P><br \/>\n<P>&nbsp;<\/P><br \/>\n<P>La fine del 2006 e l&#8217;inizio del 2007 vedono diversi film italiani continuare il loro viaggio internazionale, intrapreso &#8220;&#8221; in molti casi &#8220;&#8221; diversi mesi fa.<\/P><br \/>\n<P>E cos\u00ec gli spettatori delle sale giapponesi e di quelle statunitensi possono ora vedere &#8220;La tigre e la neve&#8221;, la cui distribuzione, iniziata in Italia gi\u00e0\u00a0 nel 2005, aveva toccato praticamente tutto il mondo nel corso del 2006, arrivando in Australia in ottobre e a Singapore nel mese successivo. <BR>Analogamente &#8220;Il caimano&#8221; aggiunger\u00e0\u00a0 nel 2007 altri territori, come il Regno Unito o la Germania, alla sua affermazione sugli schermi internazionali, mentre il mese di dicembre ha visto &#8220;Le conseguenze dell&#8217;amore&#8221; raggiungere il pubblico spagnolo. Oltre a questo tipo di titoli ci sono poi le &#8220;new entries&#8221;. <BR>Tra queste spicca, per numero di uscite, &#8220;Rosso come il cielo&#8221;, particolarmente apprezzato sui mercati dell&#8217;estremo Oriente. Per quanto riguarda l&#8217;Europa \u00e8 interessante notare un&#8217;iniziativa fresca di lancio in Germania: <STRONG>la distribuzione in sala di film italiani di grande richiamo popolare<\/STRONG>. A puntare su questo mercato \u00e8 <STRONG>Azur Film<\/STRONG>, societ\u00e0\u00a0 nata nell&#8217;ottobre 2006. <BR>L&#8217;intento dei soci &#8220;&#8221; <STRONG>Luca Morandini, Daniel Schmid e Gerda Widler<\/STRONG> &#8211; \u00e8 replicare i successi ottenuti in Svizzera dalla MDF che dal 1996 diffonde annualmente circa una quindicina di titoli italiani sia &#8220;mainstream&#8221; sia &#8220;d&#8217;essai&#8221; (attraverso la collezione &#8220;Discovery&#8221;). <BR><BR>&#8220;Abbiamo scelto il periodo natalizio per proporre anche in Germania quelli che in Italia sono noti appunto come &#8220;\u02dci film di Natale&#8217; puntando soprattutto sulle citt\u00e0\u00a0 che ospitano forti comunit\u00e0\u00a0 provenienti dalla Penisola&#8221; &#8220;&#8221; dice Gerda Widler. &#8220;Abbiamo lanciato &#8220;Natale a New York&#8221; &#8220;\u02dcday and date&#8217; con l&#8217;uscita in Italia, sulla base dell&#8217;esperienza acquisita in Svizzera, dove abbiamo riscontrato che gli spettatori di origine italiana sono molto informati &#8220;&#8221; soprattutto grazie alla televisione &#8220;&#8221; delle novit\u00e0\u00a0 che escono in sala. <BR>E&#8217; emersa per\u00f2 subito una differenza: molto probabilmente qui in Germania dovremo pensare a delle campagne promozionali ad hoc perch\u00e9 l&#8217;eco della pubblicit\u00e0\u00a0 fatta in Italia non arriva altrettanto rapidamente e capillarmente che in Svizzera&#8221;. <BR><BR>L&#8217;Azur Film, che ha annunciato per febbraio l&#8217;uscita di &#8220;Ol\u00e9&#8221; e di &#8220;Ti amo in tutte le lingue del mondo&#8221;, si pone l&#8217;obiettivo di distribuire una quindicina di film ogni anno, aprendo anche un settore &#8220;d&#8217;essai&#8221;. Per ora ha comunicato col suo pubblico potenziale soprattutto attraverso il sito, fornendo informazioni utili come l&#8217;elenco delle sale che propongono i suoi primi film. <BR>Tra queste compaiono importanti catene di esercizio tedesche come CineStar e CinemaxX e le principali piazze della Germania come Berlino, Colonia, Francoforte e Stoccarda. <\/P><br \/>\n<P><STRONG>Il calendario MEDIA Salles &#8220;Italian Films: when and where &#8211; A calendar of their releases from June 2006&#8221; \u00e8 disponibile sul sito <\/STRONG><U><FONT color=#0000ff><A href=\"http:\/\/www.mediasalles.it\">www.mediasalles.it<\/A><\/FONT><\/U><\/P><br \/>\n<P>Cinema&amp;Video International&nbsp; 1\/2-2007<\/P><br \/>\n<P align=right><STRONG><\/STRONG>&nbsp;<\/P><\/p>\n","protected":false},"excerpt":{"rendered":"<p>E&#8217; un esperimento della Azur Film, che ha lanciato &#8220;Natale a New York\u00e2\u20ac\u009d n contemporanea con l&#8217;uscita in Italia. Seguono, in febbraio, &#8220;Ol\u00e8\u00e2\u20ac\u009d e &#8220;Ti amo in tutte le lingue del mondo\u00e2\u20ac\u009d. <\/p>\n","protected":false},"author":101032,"featured_media":0,"comment_status":"open","ping_status":"open","sticky":false,"template":"","format":"standard","meta":{"googlesitekit_rrm_CAow3e7fCw:productID":"","_crdt_document":"","footnotes":""},"categories":[1],"tags":[80],"class_list":{"0":"post-23","1":"post","2":"type-post","3":"status-publish","4":"format-standard","6":"category-senza-categoria","7":"tag-varia"},"yoast_head":"<!-- This site is optimized with the Yoast SEO Premium plugin v27.4 (Yoast SEO v27.4) - https:\/\/yoast.com\/product\/yoast-seo-premium-wordpress\/ -->\n<title>CALENDARIO MEDIASALLES Cinepanettoni in Germania - Cinema &amp; Video International<\/title>\n<meta name=\"description\" content=\"CALENDARIO MEDIASALLES Cinepanettoni in Germania \u2013 calendario mediasalles cinepanettoni in germania. di Elisabetta Brunella &nbsp; La fine del 2006 e l&#039;ini\" \/>\n<meta name=\"robots\" content=\"index, follow, max-snippet:-1, max-image-preview:large, max-video-preview:-1\" \/>\n<link rel=\"canonical\" href=\"https:\/\/cinema.video\/it\/calendario-mediasalles-cinepanettoni-in-germania\" \/>\n<meta property=\"og:locale\" content=\"it_IT\" \/>\n<meta property=\"og:type\" content=\"article\" \/>\n<meta property=\"og:title\" content=\"CALENDARIO MEDIASALLES Cinepanettoni in Germania\" \/>\n<meta property=\"og:description\" content=\"CALENDARIO MEDIASALLES Cinepanettoni in Germania \u2013 calendario mediasalles cinepanettoni in germania. di Elisabetta Brunella &nbsp; La fine del 2006 e l&#039;ini\" \/>\n<meta property=\"og:url\" content=\"https:\/\/cinema.video\/it\/calendario-mediasalles-cinepanettoni-in-germania\" \/>\n<meta property=\"og:site_name\" content=\"Cinema &amp; Video International\" \/>\n<meta property=\"article:publisher\" content=\"https:\/\/www.facebook.com\/CinemaVideoInternational\/\" \/>\n<meta property=\"article:published_time\" content=\"2007-02-06T00:00:00+00:00\" \/>\n<meta property=\"article:modified_time\" content=\"2026-04-10T01:09:57+00:00\" \/>\n<meta property=\"og:image\" content=\"https:\/\/cinema.video\/wp-content\/uploads\/2026\/04\/CinemVideo_LogoBlack.png\" \/>\n\t<meta property=\"og:image:width\" content=\"1336\" \/>\n\t<meta property=\"og:image:height\" content=\"224\" \/>\n\t<meta property=\"og:image:type\" content=\"image\/png\" \/>\n<meta name=\"author\" content=\"Davide Morena\" \/>\n<meta name=\"twitter:card\" content=\"summary_large_image\" \/>\n<meta name=\"twitter:label1\" content=\"Scritto da\" \/>\n\t<meta name=\"twitter:data1\" content=\"Davide Morena\" \/>\n\t<meta name=\"twitter:label2\" content=\"Tempo di lettura stimato\" \/>\n\t<meta name=\"twitter:data2\" content=\"2 minuti\" \/>\n<script type=\"application\/ld+json\" class=\"yoast-schema-graph\">{\"@context\":\"https:\\\/\\\/schema.org\",\"@graph\":[{\"@type\":\"Article\",\"@id\":\"https:\\\/\\\/cinema.video\\\/it\\\/calendario-mediasalles-cinepanettoni-in-germania#article\",\"isPartOf\":{\"@id\":\"https:\\\/\\\/cinema.video\\\/it\\\/calendario-mediasalles-cinepanettoni-in-germania\"},\"author\":{\"name\":\"Davide Morena\",\"@id\":\"https:\\\/\\\/cinema.video\\\/it#\\\/schema\\\/person\\\/b63ca05986911bf3a53c6c027c27b8b7\"},\"headline\":\"CALENDARIO MEDIASALLES Cinepanettoni in Germania\",\"datePublished\":\"2007-02-06T00:00:00+00:00\",\"dateModified\":\"2026-04-10T01:09:57+00:00\",\"mainEntityOfPage\":{\"@id\":\"https:\\\/\\\/cinema.video\\\/it\\\/calendario-mediasalles-cinepanettoni-in-germania\"},\"wordCount\":454,\"commentCount\":0,\"publisher\":{\"@id\":\"https:\\\/\\\/cinema.video\\\/it#organization\"},\"keywords\":[\"Varia\"],\"inLanguage\":\"it-IT\",\"potentialAction\":[{\"@type\":\"CommentAction\",\"name\":\"Comment\",\"target\":[\"https:\\\/\\\/cinema.video\\\/it\\\/calendario-mediasalles-cinepanettoni-in-germania#respond\"]}]},{\"@type\":\"WebPage\",\"@id\":\"https:\\\/\\\/cinema.video\\\/it\\\/calendario-mediasalles-cinepanettoni-in-germania\",\"url\":\"https:\\\/\\\/cinema.video\\\/it\\\/calendario-mediasalles-cinepanettoni-in-germania\",\"name\":\"CALENDARIO MEDIASALLES Cinepanettoni in Germania - Cinema &amp; Video International\",\"isPartOf\":{\"@id\":\"https:\\\/\\\/cinema.video\\\/it#website\"},\"datePublished\":\"2007-02-06T00:00:00+00:00\",\"dateModified\":\"2026-04-10T01:09:57+00:00\",\"description\":\"CALENDARIO MEDIASALLES Cinepanettoni in Germania \u2013 calendario mediasalles cinepanettoni in germania. di Elisabetta Brunella &nbsp; La fine del 2006 e l'ini\",\"breadcrumb\":{\"@id\":\"https:\\\/\\\/cinema.video\\\/it\\\/calendario-mediasalles-cinepanettoni-in-germania#breadcrumb\"},\"inLanguage\":\"it-IT\",\"potentialAction\":[{\"@type\":\"ReadAction\",\"target\":[\"https:\\\/\\\/cinema.video\\\/it\\\/calendario-mediasalles-cinepanettoni-in-germania\"]}]},{\"@type\":\"BreadcrumbList\",\"@id\":\"https:\\\/\\\/cinema.video\\\/it\\\/calendario-mediasalles-cinepanettoni-in-germania#breadcrumb\",\"itemListElement\":[{\"@type\":\"ListItem\",\"position\":1,\"name\":\"Home\",\"item\":\"https:\\\/\\\/cinema.video\\\/it\\\/home-2\"},{\"@type\":\"ListItem\",\"position\":2,\"name\":\"CALENDARIO MEDIASALLES Cinepanettoni in Germania\"}]},{\"@type\":\"WebSite\",\"@id\":\"https:\\\/\\\/cinema.video\\\/it#website\",\"url\":\"https:\\\/\\\/cinema.video\\\/it\",\"name\":\"Cinema & Video International\",\"description\":\"Film &amp; Audiovisual Industry Trade Magazine\",\"publisher\":{\"@id\":\"https:\\\/\\\/cinema.video\\\/it#organization\"},\"alternateName\":\"Cinema & Video\",\"potentialAction\":[{\"@type\":\"SearchAction\",\"target\":{\"@type\":\"EntryPoint\",\"urlTemplate\":\"https:\\\/\\\/cinema.video\\\/it?s={search_term_string}\"},\"query-input\":{\"@type\":\"PropertyValueSpecification\",\"valueRequired\":true,\"valueName\":\"search_term_string\"}}],\"inLanguage\":\"it-IT\"},{\"@type\":\"Organization\",\"@id\":\"https:\\\/\\\/cinema.video\\\/it#organization\",\"name\":\"Cinema & Video\",\"url\":\"https:\\\/\\\/cinema.video\\\/it\",\"logo\":{\"@type\":\"ImageObject\",\"inLanguage\":\"it-IT\",\"@id\":\"https:\\\/\\\/cinema.video\\\/it#\\\/schema\\\/logo\\\/image\\\/\",\"url\":\"https:\\\/\\\/cinema.video\\\/wp-content\\\/uploads\\\/2026\\\/04\\\/CinemVideo_LogoBlack.png\",\"contentUrl\":\"https:\\\/\\\/cinema.video\\\/wp-content\\\/uploads\\\/2026\\\/04\\\/CinemVideo_LogoBlack.png\",\"width\":1336,\"height\":224,\"caption\":\"Cinema & Video\"},\"image\":{\"@id\":\"https:\\\/\\\/cinema.video\\\/it#\\\/schema\\\/logo\\\/image\\\/\"},\"sameAs\":[\"https:\\\/\\\/www.facebook.com\\\/CinemaVideoInternational\\\/\",\"https:\\\/\\\/www.instagram.com\\\/cinemaevideointernational\\\/\",\"https:\\\/\\\/it.linkedin.com\\\/company\\\/cinema-video-international\"],\"description\":\"Media Consulting & Marketing Agency\",\"email\":\"hello@darostudio.com\",\"legalName\":\"DARO studio LLC\",\"foundingDate\":\"2021-02-16\",\"numberOfEmployees\":{\"@type\":\"QuantitativeValue\",\"minValue\":\"1\",\"maxValue\":\"10\"}},{\"@type\":\"Person\",\"@id\":\"https:\\\/\\\/cinema.video\\\/it#\\\/schema\\\/person\\\/b63ca05986911bf3a53c6c027c27b8b7\",\"name\":\"Davide Morena\",\"image\":{\"@type\":\"ImageObject\",\"inLanguage\":\"it-IT\",\"@id\":\"https:\\\/\\\/secure.gravatar.com\\\/avatar\\\/4304209e0c1a7f0eafbc1fa01b5157cb233998514f3a0ff9ea99ae43a0f44009?s=96&d=mm&r=g\",\"url\":\"https:\\\/\\\/secure.gravatar.com\\\/avatar\\\/4304209e0c1a7f0eafbc1fa01b5157cb233998514f3a0ff9ea99ae43a0f44009?s=96&d=mm&r=g\",\"contentUrl\":\"https:\\\/\\\/secure.gravatar.com\\\/avatar\\\/4304209e0c1a7f0eafbc1fa01b5157cb233998514f3a0ff9ea99ae43a0f44009?s=96&d=mm&r=g\",\"caption\":\"Davide Morena\"},\"url\":\"https:\\\/\\\/cinema.video\\\/it\\\/author\\\/davide-morena\"}]}<\/script>\n<!-- \/ Yoast SEO Premium plugin. -->","yoast_head_json":{"title":"CALENDARIO MEDIASALLES Cinepanettoni in Germania - Cinema &amp; Video International","description":"CALENDARIO MEDIASALLES Cinepanettoni in Germania \u2013 calendario mediasalles cinepanettoni in germania. di Elisabetta Brunella &nbsp; La fine del 2006 e l'ini","robots":{"index":"index","follow":"follow","max-snippet":"max-snippet:-1","max-image-preview":"max-image-preview:large","max-video-preview":"max-video-preview:-1"},"canonical":"https:\/\/cinema.video\/it\/calendario-mediasalles-cinepanettoni-in-germania","og_locale":"it_IT","og_type":"article","og_title":"CALENDARIO MEDIASALLES Cinepanettoni in Germania","og_description":"CALENDARIO MEDIASALLES Cinepanettoni in Germania \u2013 calendario mediasalles cinepanettoni in germania. di Elisabetta Brunella &nbsp; La fine del 2006 e l'ini","og_url":"https:\/\/cinema.video\/it\/calendario-mediasalles-cinepanettoni-in-germania","og_site_name":"Cinema &amp; Video International","article_publisher":"https:\/\/www.facebook.com\/CinemaVideoInternational\/","article_published_time":"2007-02-06T00:00:00+00:00","article_modified_time":"2026-04-10T01:09:57+00:00","og_image":[{"width":1336,"height":224,"url":"https:\/\/cinema.video\/wp-content\/uploads\/2026\/04\/CinemVideo_LogoBlack.png","type":"image\/png"}],"author":"Davide Morena","twitter_card":"summary_large_image","twitter_misc":{"Scritto da":"Davide Morena","Tempo di lettura stimato":"2 minuti"},"schema":{"@context":"https:\/\/schema.org","@graph":[{"@type":"Article","@id":"https:\/\/cinema.video\/it\/calendario-mediasalles-cinepanettoni-in-germania#article","isPartOf":{"@id":"https:\/\/cinema.video\/it\/calendario-mediasalles-cinepanettoni-in-germania"},"author":{"name":"Davide Morena","@id":"https:\/\/cinema.video\/it#\/schema\/person\/b63ca05986911bf3a53c6c027c27b8b7"},"headline":"CALENDARIO MEDIASALLES Cinepanettoni in Germania","datePublished":"2007-02-06T00:00:00+00:00","dateModified":"2026-04-10T01:09:57+00:00","mainEntityOfPage":{"@id":"https:\/\/cinema.video\/it\/calendario-mediasalles-cinepanettoni-in-germania"},"wordCount":454,"commentCount":0,"publisher":{"@id":"https:\/\/cinema.video\/it#organization"},"keywords":["Varia"],"inLanguage":"it-IT","potentialAction":[{"@type":"CommentAction","name":"Comment","target":["https:\/\/cinema.video\/it\/calendario-mediasalles-cinepanettoni-in-germania#respond"]}]},{"@type":"WebPage","@id":"https:\/\/cinema.video\/it\/calendario-mediasalles-cinepanettoni-in-germania","url":"https:\/\/cinema.video\/it\/calendario-mediasalles-cinepanettoni-in-germania","name":"CALENDARIO MEDIASALLES Cinepanettoni in Germania - Cinema &amp; Video International","isPartOf":{"@id":"https:\/\/cinema.video\/it#website"},"datePublished":"2007-02-06T00:00:00+00:00","dateModified":"2026-04-10T01:09:57+00:00","description":"CALENDARIO MEDIASALLES Cinepanettoni in Germania \u2013 calendario mediasalles cinepanettoni in germania. di Elisabetta Brunella &nbsp; La fine del 2006 e l'ini","breadcrumb":{"@id":"https:\/\/cinema.video\/it\/calendario-mediasalles-cinepanettoni-in-germania#breadcrumb"},"inLanguage":"it-IT","potentialAction":[{"@type":"ReadAction","target":["https:\/\/cinema.video\/it\/calendario-mediasalles-cinepanettoni-in-germania"]}]},{"@type":"BreadcrumbList","@id":"https:\/\/cinema.video\/it\/calendario-mediasalles-cinepanettoni-in-germania#breadcrumb","itemListElement":[{"@type":"ListItem","position":1,"name":"Home","item":"https:\/\/cinema.video\/it\/home-2"},{"@type":"ListItem","position":2,"name":"CALENDARIO MEDIASALLES Cinepanettoni in Germania"}]},{"@type":"WebSite","@id":"https:\/\/cinema.video\/it#website","url":"https:\/\/cinema.video\/it","name":"Cinema & Video International","description":"Film &amp; Audiovisual Industry Trade Magazine","publisher":{"@id":"https:\/\/cinema.video\/it#organization"},"alternateName":"Cinema & Video","potentialAction":[{"@type":"SearchAction","target":{"@type":"EntryPoint","urlTemplate":"https:\/\/cinema.video\/it?s={search_term_string}"},"query-input":{"@type":"PropertyValueSpecification","valueRequired":true,"valueName":"search_term_string"}}],"inLanguage":"it-IT"},{"@type":"Organization","@id":"https:\/\/cinema.video\/it#organization","name":"Cinema & Video","url":"https:\/\/cinema.video\/it","logo":{"@type":"ImageObject","inLanguage":"it-IT","@id":"https:\/\/cinema.video\/it#\/schema\/logo\/image\/","url":"https:\/\/cinema.video\/wp-content\/uploads\/2026\/04\/CinemVideo_LogoBlack.png","contentUrl":"https:\/\/cinema.video\/wp-content\/uploads\/2026\/04\/CinemVideo_LogoBlack.png","width":1336,"height":224,"caption":"Cinema & Video"},"image":{"@id":"https:\/\/cinema.video\/it#\/schema\/logo\/image\/"},"sameAs":["https:\/\/www.facebook.com\/CinemaVideoInternational\/","https:\/\/www.instagram.com\/cinemaevideointernational\/","https:\/\/it.linkedin.com\/company\/cinema-video-international"],"description":"Media Consulting & Marketing Agency","email":"hello@darostudio.com","legalName":"DARO studio LLC","foundingDate":"2021-02-16","numberOfEmployees":{"@type":"QuantitativeValue","minValue":"1","maxValue":"10"}},{"@type":"Person","@id":"https:\/\/cinema.video\/it#\/schema\/person\/b63ca05986911bf3a53c6c027c27b8b7","name":"Davide Morena","image":{"@type":"ImageObject","inLanguage":"it-IT","@id":"https:\/\/secure.gravatar.com\/avatar\/4304209e0c1a7f0eafbc1fa01b5157cb233998514f3a0ff9ea99ae43a0f44009?s=96&d=mm&r=g","url":"https:\/\/secure.gravatar.com\/avatar\/4304209e0c1a7f0eafbc1fa01b5157cb233998514f3a0ff9ea99ae43a0f44009?s=96&d=mm&r=g","contentUrl":"https:\/\/secure.gravatar.com\/avatar\/4304209e0c1a7f0eafbc1fa01b5157cb233998514f3a0ff9ea99ae43a0f44009?s=96&d=mm&r=g","caption":"Davide Morena"},"url":"https:\/\/cinema.video\/it\/author\/davide-morena"}]}},"jetpack_featured_media_url":"","jetpack_shortlink":"https:\/\/wp.me\/ph672m-n","_links":{"self":[{"href":"https:\/\/cinema.video\/it\/wp-json\/wp\/v2\/posts\/23","targetHints":{"allow":["GET"]}}],"collection":[{"href":"https:\/\/cinema.video\/it\/wp-json\/wp\/v2\/posts"}],"about":[{"href":"https:\/\/cinema.video\/it\/wp-json\/wp\/v2\/types\/post"}],"author":[{"embeddable":true,"href":"https:\/\/cinema.video\/it\/wp-json\/wp\/v2\/users\/101032"}],"replies":[{"embeddable":true,"href":"https:\/\/cinema.video\/it\/wp-json\/wp\/v2\/comments?post=23"}],"version-history":[{"count":1,"href":"https:\/\/cinema.video\/it\/wp-json\/wp\/v2\/posts\/23\/revisions"}],"predecessor-version":[{"id":303415,"href":"https:\/\/cinema.video\/it\/wp-json\/wp\/v2\/posts\/23\/revisions\/303415"}],"wp:attachment":[{"href":"https:\/\/cinema.video\/it\/wp-json\/wp\/v2\/media?parent=23"}],"wp:term":[{"taxonomy":"category","embeddable":true,"href":"https:\/\/cinema.video\/it\/wp-json\/wp\/v2\/categories?post=23"},{"taxonomy":"post_tag","embeddable":true,"href":"https:\/\/cinema.video\/it\/wp-json\/wp\/v2\/tags?post=23"}],"curies":[{"name":"wp","href":"https:\/\/api.w.org\/{rel}","templated":true}]}}