{"id":205307,"date":"2020-12-18T12:52:03","date_gmt":"2020-12-18T11:52:03","guid":{"rendered":"https:\/\/cinema.video\/?p=205307"},"modified":"2026-04-10T03:51:33","modified_gmt":"2026-04-10T01:51:33","slug":"sardegna-rinnovato-con-170-mila-euro-filming-cagliari","status":"publish","type":"post","link":"https:\/\/cinema.video\/it\/sardegna-rinnovato-con-170-mila-euro-filming-cagliari","title":{"rendered":"SARDEGNA Rinnovato con 170 mila euro Filming Cagliari"},"content":{"rendered":"\n<p class=\"wp-block-paragraph\">E\u2019 stato rinnovato con una dotazione di 170 mila euro il <strong>Fondo Filming Cagliar<\/strong>i, il Protocollo di Intesa tra il\u00a0<strong>Comune di Cagliari<\/strong>\u00a0e la\u00a0<strong>Fondazione Sardegna Film Commission<\/strong>\u00a0<strong>della Regione Autonoma della Sardegna<\/strong>, finalizzato alla costruzione di una politica di sviluppo del comparto nell\u2019ambito del territorio cagliaritano.<br>Una collaborazione iniziata nel 2014 e che ad oggi ha visto 38 progetti sostenuti nell&#8217;ambito della citt\u00e0 di Cagliari, con il coinvolgimento non solo delle realt\u00e0 locali ma anche di case di produzione nazionali e internazionali.\u00a0<\/p>\n\n\n\n<p class=\"wp-block-paragraph\">\u201cPuntiamo alla destinazione Cagliari non solo come territorio per i suoi monumenti e le sue bellezze ma come scenario ideale per film e produzioni. In passato sono stati usati scorci della nostra citt\u00e0 che poi sono stati attribuiti ad altre localit\u00e0 e invece vogliamo che sia un luogo che esiste.&nbsp;Il fondo sar\u00e0&nbsp;un incubatore di professionalit\u00e0 per arrivare a progetti di formazione sempre pi\u00f9 avanzati in questo settore. E credo che sia un segnale importante anche dal punto di vista politico<em>\u00bb.&nbsp;<\/em>Ha dichiarato l&#8217;Assessora alla Cultura,&nbsp;<strong>Paola Piroddi<\/strong>, che ha siglato il protocollo assieme al Presidente di Sardegna Film Commission,&nbsp;<strong>Gianluca Aste<\/strong>&nbsp;e alla direttrice&nbsp;<strong>Nevina Satta<\/strong>.<\/p>\n\n\n\n<p class=\"wp-block-paragraph\">Aste ricorda i risultati,&nbsp;<em>&nbsp;\u201ce<\/em>ccellenti sia dal punto di vista qualitativo che commerciale, grazie alla distribuzione tramite piattaforme molto conosciute, tra cui alcuni successi come \u201cLa stoffa dei sogni\u201d di Gianfranco Cabiddu, \u201cL\u2019uomo che compr\u00f2 la luna\u201d di Paolo Zucca, \u201cFiglia mia\u201d di Laura Bispuri, \u201cFiore Gemello\u201d di Laura Lucchetti, \u201cL\u2019agnello\u201d di Mario Piredda, \u201cDomino\u201d di Brian De Palma e ultimo in ordine tempo \u201cWhat we wanted\u201d di Ulrike Kofler, trasmesso&nbsp;nel mondo&nbsp;sulla piattaforma&nbsp;Netflix\u00bb.<\/p>\n\n\n\n<p class=\"wp-block-paragraph\">Il film della Kofler, girato tra Cagliari e Capo Boi, \u00e8 stato selezionato dall\u2019Austria come titolo da candidare agli Oscar 2021.<\/p>\n\n\n\n<p class=\"wp-block-paragraph\">\u00abCome \u00e8 gi\u00e0 accaduto\u00a0\u2013 conclude  Nevina Satta \u2013\u00a0tutto il mondo ha la possibilit\u00e0 di vedere Cagliari che diventa\u00a0strategicamente tutto l&#8217;anno\u00a0un punto di accoglienza\u00a0per aprire le porte verso l&#8217;intera Sardegna. Il territorio diventa sempre pi\u00f9 attrattivo e questo spinge le produzioni a scegliere il capoluogo come punto di partenza\u00bb.<\/p>\n","protected":false},"excerpt":{"rendered":"<p>E\u2019 stato rinnovato con una dotazione di 170 mila euro il Fondo Filming Cagliari, il Protocollo di Intesa tra il Comune di Cagliari e la Fondazione Sardegna Film Commission della Regione Autonoma della Sardegna, finalizzato alla costruzione di una politica di sviluppo del comparto nell\u2019ambito del territorio cagliaritano.<\/p>\n","protected":false},"author":26,"featured_media":205317,"comment_status":"closed","ping_status":"closed","sticky":false,"template":"","format":"standard","meta":{"googlesitekit_rrm_CAow3e7fCw:productID":"","_crdt_document":"","footnotes":""},"categories":[215,336,204],"tags":[2339,356,2335,2338,217],"class_list":{"0":"post-205307","1":"post","2":"type-post","3":"status-publish","4":"format-standard","5":"has-post-thumbnail","7":"category-film-commissions","8":"category-funding","9":"category-locations","10":"tag-film-commissions","11":"tag-focus","12":"tag-funding","13":"tag-locations","14":"tag-sardegna-film-commission"},"yoast_head":"<!-- This site is optimized with the Yoast SEO Premium plugin v27.4 (Yoast SEO v27.5) - https:\/\/yoast.com\/product\/yoast-seo-premium-wordpress\/ -->\n<title>SARDEGNA Rinnovato con 170 mila euro Filming Cagliari - Cinema &amp; Video International<\/title>\n<meta name=\"description\" content=\"SARDEGNA Rinnovato con 170 mila euro Filming Cagliari \u2013 sardegna rinnovato con 170 mila euro. E\u2019 stato rinnovato con una dotazione di 170 mila euro il Fon\" \/>\n<meta name=\"robots\" content=\"index, follow, max-snippet:-1, max-image-preview:large, max-video-preview:-1\" \/>\n<link rel=\"canonical\" href=\"https:\/\/cinema.video\/it\/sardegna-rinnovato-con-170-mila-euro-filming-cagliari\" \/>\n<meta property=\"og:locale\" content=\"it_IT\" \/>\n<meta property=\"og:type\" content=\"article\" \/>\n<meta property=\"og:title\" content=\"SARDEGNA Rinnovato con 170 mila euro Filming Cagliari\" \/>\n<meta property=\"og:description\" content=\"SARDEGNA Rinnovato con 170 mila euro Filming Cagliari \u2013 sardegna rinnovato con 170 mila euro. E\u2019 stato rinnovato con una dotazione di 170 mila euro il Fon\" \/>\n<meta property=\"og:url\" content=\"https:\/\/cinema.video\/it\/sardegna-rinnovato-con-170-mila-euro-filming-cagliari\" \/>\n<meta property=\"og:site_name\" content=\"Cinema &amp; Video International\" \/>\n<meta property=\"article:publisher\" content=\"https:\/\/www.facebook.com\/CinemaVideoInternational\/\" \/>\n<meta property=\"article:published_time\" content=\"2020-12-18T11:52:03+00:00\" \/>\n<meta property=\"article:modified_time\" content=\"2026-04-10T01:51:33+00:00\" \/>\n<meta property=\"og:image\" content=\"https:\/\/cinema.video\/wp-content\/uploads\/2020\/12\/cagliari.jpg\" \/>\n\t<meta property=\"og:image:width\" content=\"1080\" \/>\n\t<meta property=\"og:image:height\" content=\"632\" \/>\n\t<meta property=\"og:image:type\" content=\"image\/jpeg\" \/>\n<meta name=\"author\" content=\"Redazione\" \/>\n<meta name=\"twitter:card\" content=\"summary_large_image\" \/>\n<meta name=\"twitter:label1\" content=\"Scritto da\" \/>\n\t<meta name=\"twitter:data1\" content=\"Redazione\" \/>\n\t<meta name=\"twitter:label2\" content=\"Tempo di lettura stimato\" \/>\n\t<meta name=\"twitter:data2\" content=\"2 minuti\" \/>\n<script type=\"application\/ld+json\" class=\"yoast-schema-graph\">{\"@context\":\"https:\\\/\\\/schema.org\",\"@graph\":[{\"@type\":\"Article\",\"@id\":\"https:\\\/\\\/cinema.video\\\/it\\\/sardegna-rinnovato-con-170-mila-euro-filming-cagliari#article\",\"isPartOf\":{\"@id\":\"https:\\\/\\\/cinema.video\\\/it\\\/sardegna-rinnovato-con-170-mila-euro-filming-cagliari\"},\"author\":{\"name\":\"Redazione\",\"@id\":\"https:\\\/\\\/cinema.video\\\/it#\\\/schema\\\/person\\\/aeb01b91d874e8b01e76a1db04c668c6\"},\"headline\":\"SARDEGNA Rinnovato con 170 mila euro Filming Cagliari\",\"datePublished\":\"2020-12-18T11:52:03+00:00\",\"dateModified\":\"2026-04-10T01:51:33+00:00\",\"mainEntityOfPage\":{\"@id\":\"https:\\\/\\\/cinema.video\\\/it\\\/sardegna-rinnovato-con-170-mila-euro-filming-cagliari\"},\"wordCount\":361,\"publisher\":{\"@id\":\"https:\\\/\\\/cinema.video\\\/it#organization\"},\"image\":{\"@id\":\"https:\\\/\\\/cinema.video\\\/it\\\/sardegna-rinnovato-con-170-mila-euro-filming-cagliari#primaryimage\"},\"thumbnailUrl\":\"https:\\\/\\\/cinema.video\\\/wp-content\\\/uploads\\\/2020\\\/12\\\/cagliari.jpg\",\"keywords\":[\"FILM COMMISSIONS\",\"focus\",\"FUNDING\",\"LOCATIONS\",\"Sardegna Film Commission\"],\"articleSection\":[\"FILM COMMISSIONS\",\"FUNDING\",\"LOCATIONS\"],\"inLanguage\":\"it-IT\"},{\"@type\":\"WebPage\",\"@id\":\"https:\\\/\\\/cinema.video\\\/it\\\/sardegna-rinnovato-con-170-mila-euro-filming-cagliari\",\"url\":\"https:\\\/\\\/cinema.video\\\/it\\\/sardegna-rinnovato-con-170-mila-euro-filming-cagliari\",\"name\":\"SARDEGNA Rinnovato con 170 mila euro Filming Cagliari - Cinema &amp; Video International\",\"isPartOf\":{\"@id\":\"https:\\\/\\\/cinema.video\\\/it#website\"},\"primaryImageOfPage\":{\"@id\":\"https:\\\/\\\/cinema.video\\\/it\\\/sardegna-rinnovato-con-170-mila-euro-filming-cagliari#primaryimage\"},\"image\":{\"@id\":\"https:\\\/\\\/cinema.video\\\/it\\\/sardegna-rinnovato-con-170-mila-euro-filming-cagliari#primaryimage\"},\"thumbnailUrl\":\"https:\\\/\\\/cinema.video\\\/wp-content\\\/uploads\\\/2020\\\/12\\\/cagliari.jpg\",\"datePublished\":\"2020-12-18T11:52:03+00:00\",\"dateModified\":\"2026-04-10T01:51:33+00:00\",\"description\":\"SARDEGNA Rinnovato con 170 mila euro Filming Cagliari \u2013 sardegna rinnovato con 170 mila euro. E\u2019 stato rinnovato con una dotazione di 170 mila euro il Fon\",\"breadcrumb\":{\"@id\":\"https:\\\/\\\/cinema.video\\\/it\\\/sardegna-rinnovato-con-170-mila-euro-filming-cagliari#breadcrumb\"},\"inLanguage\":\"it-IT\",\"potentialAction\":[{\"@type\":\"ReadAction\",\"target\":[\"https:\\\/\\\/cinema.video\\\/it\\\/sardegna-rinnovato-con-170-mila-euro-filming-cagliari\"]}]},{\"@type\":\"ImageObject\",\"inLanguage\":\"it-IT\",\"@id\":\"https:\\\/\\\/cinema.video\\\/it\\\/sardegna-rinnovato-con-170-mila-euro-filming-cagliari#primaryimage\",\"url\":\"https:\\\/\\\/cinema.video\\\/wp-content\\\/uploads\\\/2020\\\/12\\\/cagliari.jpg\",\"contentUrl\":\"https:\\\/\\\/cinema.video\\\/wp-content\\\/uploads\\\/2020\\\/12\\\/cagliari.jpg\",\"width\":1080,\"height\":632},{\"@type\":\"BreadcrumbList\",\"@id\":\"https:\\\/\\\/cinema.video\\\/it\\\/sardegna-rinnovato-con-170-mila-euro-filming-cagliari#breadcrumb\",\"itemListElement\":[{\"@type\":\"ListItem\",\"position\":1,\"name\":\"Home\",\"item\":\"https:\\\/\\\/cinema.video\\\/it\\\/home-2\"},{\"@type\":\"ListItem\",\"position\":2,\"name\":\"SARDEGNA Rinnovato con 170 mila euro Filming Cagliari\"}]},{\"@type\":\"WebSite\",\"@id\":\"https:\\\/\\\/cinema.video\\\/it#website\",\"url\":\"https:\\\/\\\/cinema.video\\\/it\",\"name\":\"Cinema & Video International\",\"description\":\"Film &amp; Audiovisual Industry Trade Magazine\",\"publisher\":{\"@id\":\"https:\\\/\\\/cinema.video\\\/it#organization\"},\"alternateName\":\"Cinema & Video\",\"potentialAction\":[{\"@type\":\"SearchAction\",\"target\":{\"@type\":\"EntryPoint\",\"urlTemplate\":\"https:\\\/\\\/cinema.video\\\/it?s={search_term_string}\"},\"query-input\":{\"@type\":\"PropertyValueSpecification\",\"valueRequired\":true,\"valueName\":\"search_term_string\"}}],\"inLanguage\":\"it-IT\"},{\"@type\":\"Organization\",\"@id\":\"https:\\\/\\\/cinema.video\\\/it#organization\",\"name\":\"Cinema & Video\",\"url\":\"https:\\\/\\\/cinema.video\\\/it\",\"logo\":{\"@type\":\"ImageObject\",\"inLanguage\":\"it-IT\",\"@id\":\"https:\\\/\\\/cinema.video\\\/it#\\\/schema\\\/logo\\\/image\\\/\",\"url\":\"https:\\\/\\\/cinema.video\\\/wp-content\\\/uploads\\\/2026\\\/04\\\/CinemVideo_LogoBlack.png\",\"contentUrl\":\"https:\\\/\\\/cinema.video\\\/wp-content\\\/uploads\\\/2026\\\/04\\\/CinemVideo_LogoBlack.png\",\"width\":1336,\"height\":224,\"caption\":\"Cinema & Video\"},\"image\":{\"@id\":\"https:\\\/\\\/cinema.video\\\/it#\\\/schema\\\/logo\\\/image\\\/\"},\"sameAs\":[\"https:\\\/\\\/www.facebook.com\\\/CinemaVideoInternational\\\/\",\"https:\\\/\\\/www.instagram.com\\\/cinemaevideointernational\\\/\",\"https:\\\/\\\/it.linkedin.com\\\/company\\\/cinema-video-international\"],\"description\":\"Media Consulting & Marketing Agency\",\"email\":\"hello@darostudio.com\",\"legalName\":\"DARO studio LLC\",\"foundingDate\":\"2021-02-16\",\"numberOfEmployees\":{\"@type\":\"QuantitativeValue\",\"minValue\":\"1\",\"maxValue\":\"10\"}},{\"@type\":\"Person\",\"@id\":\"https:\\\/\\\/cinema.video\\\/it#\\\/schema\\\/person\\\/aeb01b91d874e8b01e76a1db04c668c6\",\"name\":\"Redazione\",\"image\":{\"@type\":\"ImageObject\",\"inLanguage\":\"it-IT\",\"@id\":\"https:\\\/\\\/secure.gravatar.com\\\/avatar\\\/06ad6f92eb14745b75fb592cadf8139d33242d81c9c8b085133c450aaf0b9731?s=96&d=mm&r=g\",\"url\":\"https:\\\/\\\/secure.gravatar.com\\\/avatar\\\/06ad6f92eb14745b75fb592cadf8139d33242d81c9c8b085133c450aaf0b9731?s=96&d=mm&r=g\",\"contentUrl\":\"https:\\\/\\\/secure.gravatar.com\\\/avatar\\\/06ad6f92eb14745b75fb592cadf8139d33242d81c9c8b085133c450aaf0b9731?s=96&d=mm&r=g\",\"caption\":\"Redazione\"},\"url\":\"https:\\\/\\\/cinema.video\\\/it\\\/author\\\/redazione\"}]}<\/script>\n<!-- \/ Yoast SEO Premium plugin. -->","yoast_head_json":{"title":"SARDEGNA Rinnovato con 170 mila euro Filming Cagliari - Cinema &amp; Video International","description":"SARDEGNA Rinnovato con 170 mila euro Filming Cagliari \u2013 sardegna rinnovato con 170 mila euro. E\u2019 stato rinnovato con una dotazione di 170 mila euro il Fon","robots":{"index":"index","follow":"follow","max-snippet":"max-snippet:-1","max-image-preview":"max-image-preview:large","max-video-preview":"max-video-preview:-1"},"canonical":"https:\/\/cinema.video\/it\/sardegna-rinnovato-con-170-mila-euro-filming-cagliari","og_locale":"it_IT","og_type":"article","og_title":"SARDEGNA Rinnovato con 170 mila euro Filming Cagliari","og_description":"SARDEGNA Rinnovato con 170 mila euro Filming Cagliari \u2013 sardegna rinnovato con 170 mila euro. E\u2019 stato rinnovato con una dotazione di 170 mila euro il Fon","og_url":"https:\/\/cinema.video\/it\/sardegna-rinnovato-con-170-mila-euro-filming-cagliari","og_site_name":"Cinema &amp; Video International","article_publisher":"https:\/\/www.facebook.com\/CinemaVideoInternational\/","article_published_time":"2020-12-18T11:52:03+00:00","article_modified_time":"2026-04-10T01:51:33+00:00","og_image":[{"width":1080,"height":632,"url":"https:\/\/cinema.video\/wp-content\/uploads\/2020\/12\/cagliari.jpg","type":"image\/jpeg"}],"author":"Redazione","twitter_card":"summary_large_image","twitter_misc":{"Scritto da":"Redazione","Tempo di lettura stimato":"2 minuti"},"schema":{"@context":"https:\/\/schema.org","@graph":[{"@type":"Article","@id":"https:\/\/cinema.video\/it\/sardegna-rinnovato-con-170-mila-euro-filming-cagliari#article","isPartOf":{"@id":"https:\/\/cinema.video\/it\/sardegna-rinnovato-con-170-mila-euro-filming-cagliari"},"author":{"name":"Redazione","@id":"https:\/\/cinema.video\/it#\/schema\/person\/aeb01b91d874e8b01e76a1db04c668c6"},"headline":"SARDEGNA Rinnovato con 170 mila euro Filming Cagliari","datePublished":"2020-12-18T11:52:03+00:00","dateModified":"2026-04-10T01:51:33+00:00","mainEntityOfPage":{"@id":"https:\/\/cinema.video\/it\/sardegna-rinnovato-con-170-mila-euro-filming-cagliari"},"wordCount":361,"publisher":{"@id":"https:\/\/cinema.video\/it#organization"},"image":{"@id":"https:\/\/cinema.video\/it\/sardegna-rinnovato-con-170-mila-euro-filming-cagliari#primaryimage"},"thumbnailUrl":"https:\/\/cinema.video\/wp-content\/uploads\/2020\/12\/cagliari.jpg","keywords":["FILM COMMISSIONS","focus","FUNDING","LOCATIONS","Sardegna Film Commission"],"articleSection":["FILM COMMISSIONS","FUNDING","LOCATIONS"],"inLanguage":"it-IT"},{"@type":"WebPage","@id":"https:\/\/cinema.video\/it\/sardegna-rinnovato-con-170-mila-euro-filming-cagliari","url":"https:\/\/cinema.video\/it\/sardegna-rinnovato-con-170-mila-euro-filming-cagliari","name":"SARDEGNA Rinnovato con 170 mila euro Filming Cagliari - Cinema &amp; Video International","isPartOf":{"@id":"https:\/\/cinema.video\/it#website"},"primaryImageOfPage":{"@id":"https:\/\/cinema.video\/it\/sardegna-rinnovato-con-170-mila-euro-filming-cagliari#primaryimage"},"image":{"@id":"https:\/\/cinema.video\/it\/sardegna-rinnovato-con-170-mila-euro-filming-cagliari#primaryimage"},"thumbnailUrl":"https:\/\/cinema.video\/wp-content\/uploads\/2020\/12\/cagliari.jpg","datePublished":"2020-12-18T11:52:03+00:00","dateModified":"2026-04-10T01:51:33+00:00","description":"SARDEGNA Rinnovato con 170 mila euro Filming Cagliari \u2013 sardegna rinnovato con 170 mila euro. E\u2019 stato rinnovato con una dotazione di 170 mila euro il Fon","breadcrumb":{"@id":"https:\/\/cinema.video\/it\/sardegna-rinnovato-con-170-mila-euro-filming-cagliari#breadcrumb"},"inLanguage":"it-IT","potentialAction":[{"@type":"ReadAction","target":["https:\/\/cinema.video\/it\/sardegna-rinnovato-con-170-mila-euro-filming-cagliari"]}]},{"@type":"ImageObject","inLanguage":"it-IT","@id":"https:\/\/cinema.video\/it\/sardegna-rinnovato-con-170-mila-euro-filming-cagliari#primaryimage","url":"https:\/\/cinema.video\/wp-content\/uploads\/2020\/12\/cagliari.jpg","contentUrl":"https:\/\/cinema.video\/wp-content\/uploads\/2020\/12\/cagliari.jpg","width":1080,"height":632},{"@type":"BreadcrumbList","@id":"https:\/\/cinema.video\/it\/sardegna-rinnovato-con-170-mila-euro-filming-cagliari#breadcrumb","itemListElement":[{"@type":"ListItem","position":1,"name":"Home","item":"https:\/\/cinema.video\/it\/home-2"},{"@type":"ListItem","position":2,"name":"SARDEGNA Rinnovato con 170 mila euro Filming Cagliari"}]},{"@type":"WebSite","@id":"https:\/\/cinema.video\/it#website","url":"https:\/\/cinema.video\/it","name":"Cinema & Video International","description":"Film &amp; Audiovisual Industry Trade Magazine","publisher":{"@id":"https:\/\/cinema.video\/it#organization"},"alternateName":"Cinema & Video","potentialAction":[{"@type":"SearchAction","target":{"@type":"EntryPoint","urlTemplate":"https:\/\/cinema.video\/it?s={search_term_string}"},"query-input":{"@type":"PropertyValueSpecification","valueRequired":true,"valueName":"search_term_string"}}],"inLanguage":"it-IT"},{"@type":"Organization","@id":"https:\/\/cinema.video\/it#organization","name":"Cinema & Video","url":"https:\/\/cinema.video\/it","logo":{"@type":"ImageObject","inLanguage":"it-IT","@id":"https:\/\/cinema.video\/it#\/schema\/logo\/image\/","url":"https:\/\/cinema.video\/wp-content\/uploads\/2026\/04\/CinemVideo_LogoBlack.png","contentUrl":"https:\/\/cinema.video\/wp-content\/uploads\/2026\/04\/CinemVideo_LogoBlack.png","width":1336,"height":224,"caption":"Cinema & Video"},"image":{"@id":"https:\/\/cinema.video\/it#\/schema\/logo\/image\/"},"sameAs":["https:\/\/www.facebook.com\/CinemaVideoInternational\/","https:\/\/www.instagram.com\/cinemaevideointernational\/","https:\/\/it.linkedin.com\/company\/cinema-video-international"],"description":"Media Consulting & Marketing Agency","email":"hello@darostudio.com","legalName":"DARO studio LLC","foundingDate":"2021-02-16","numberOfEmployees":{"@type":"QuantitativeValue","minValue":"1","maxValue":"10"}},{"@type":"Person","@id":"https:\/\/cinema.video\/it#\/schema\/person\/aeb01b91d874e8b01e76a1db04c668c6","name":"Redazione","image":{"@type":"ImageObject","inLanguage":"it-IT","@id":"https:\/\/secure.gravatar.com\/avatar\/06ad6f92eb14745b75fb592cadf8139d33242d81c9c8b085133c450aaf0b9731?s=96&d=mm&r=g","url":"https:\/\/secure.gravatar.com\/avatar\/06ad6f92eb14745b75fb592cadf8139d33242d81c9c8b085133c450aaf0b9731?s=96&d=mm&r=g","contentUrl":"https:\/\/secure.gravatar.com\/avatar\/06ad6f92eb14745b75fb592cadf8139d33242d81c9c8b085133c450aaf0b9731?s=96&d=mm&r=g","caption":"Redazione"},"url":"https:\/\/cinema.video\/it\/author\/redazione"}]}},"jetpack_featured_media_url":"https:\/\/cinema.video\/wp-content\/uploads\/2020\/12\/cagliari.jpg","jetpack_shortlink":"https:\/\/wp.me\/ph672m-Rpp","_links":{"self":[{"href":"https:\/\/cinema.video\/it\/wp-json\/wp\/v2\/posts\/205307","targetHints":{"allow":["GET"]}}],"collection":[{"href":"https:\/\/cinema.video\/it\/wp-json\/wp\/v2\/posts"}],"about":[{"href":"https:\/\/cinema.video\/it\/wp-json\/wp\/v2\/types\/post"}],"author":[{"embeddable":true,"href":"https:\/\/cinema.video\/it\/wp-json\/wp\/v2\/users\/26"}],"replies":[{"embeddable":true,"href":"https:\/\/cinema.video\/it\/wp-json\/wp\/v2\/comments?post=205307"}],"version-history":[{"count":2,"href":"https:\/\/cinema.video\/it\/wp-json\/wp\/v2\/posts\/205307\/revisions"}],"predecessor-version":[{"id":308047,"href":"https:\/\/cinema.video\/it\/wp-json\/wp\/v2\/posts\/205307\/revisions\/308047"}],"wp:featuredmedia":[{"embeddable":true,"href":"https:\/\/cinema.video\/it\/wp-json\/wp\/v2\/media\/205317"}],"wp:attachment":[{"href":"https:\/\/cinema.video\/it\/wp-json\/wp\/v2\/media?parent=205307"}],"wp:term":[{"taxonomy":"category","embeddable":true,"href":"https:\/\/cinema.video\/it\/wp-json\/wp\/v2\/categories?post=205307"},{"taxonomy":"post_tag","embeddable":true,"href":"https:\/\/cinema.video\/it\/wp-json\/wp\/v2\/tags?post=205307"}],"curies":[{"name":"wp","href":"https:\/\/api.w.org\/{rel}","templated":true}]}}