{"id":172252,"date":"2020-12-05T16:39:54","date_gmt":"2020-12-05T15:39:54","guid":{"rendered":"https:\/\/cinema.video\/?p=172252"},"modified":"2026-04-10T03:51:17","modified_gmt":"2026-04-10T01:51:17","slug":"italiani-allestero-a-short-story-in-concorso-allicff","status":"publish","type":"post","link":"https:\/\/cinema.video\/it\/italiani-allestero-a-short-story-in-concorso-allicff","title":{"rendered":"ITALIANI ALL&#8217;ESTERO A Short Story in concorso all&#8217;ICFF"},"content":{"rendered":"\n<p class=\"wp-block-paragraph\">\u00a0S&#8217;intitola\u00a0&#8220;<strong>A Short Story<\/strong>&#8221;\u00a0il nuovo cortometraggio della regista e scrittrice italiana\u00a0<strong>Lucia Senesi<\/strong>\u00a0in concorso all&#8217; <strong>Italian Contemporary Film Festival<\/strong>,\u00a0che si svolge online fino all&#8217;8 dicembre  grazie alla partnership col <strong>Toronto Film Festival<\/strong>.<\/p>\n\n\n\n<p class=\"wp-block-paragraph\">La manifestazione prevede anche un Industry Day, dedicato quest&#8217;anno alle coproduzioni Italia-Canada e alla produzione virtuale, realizzato all&#8217;interno dei Pinewood Studios di Toronto e organizzato in partnership con ANICA, ITA (Italian Trade Agency) e SIRT.<\/p>\n\n\n\n<p class=\"wp-block-paragraph\">Il corto, gi\u00e0 presentato in diversi festival internazionali &#8211; come LA Shorts International Film Festival e Hollyshorts,&nbsp;\u00e8 un racconto al femminile, con protagoniste tre donne, che indaga la complessit\u00e0 delle relazioni umane. Quando Julia, una giovane scrittrice, si reca a casa della sua professoressa Annie per discutere della \u201cshort story\u201d che ha precedentemente scritto, l&#8217;insegnante le chiede di cambiare il punto di vista della storia, dal maschile al femminile. Le due iniziano allora una discussione sul&nbsp;<strong>movimento #MeToo<\/strong>, destinata a trasformarsi in qualcosa di pi\u00f9 profondo e personale, grazie anche alla figura di Rosita, la cameriera messicana di Annie.&nbsp;<\/p>\n\n\n\n<p class=\"wp-block-paragraph\">Originaria di Arezzo, classe 1986, Lucia Senesi si \u00e8 trasferita negli Stati Uniti tre anni fa. Il suo primo cortometraggio&nbsp;&#8220;Le conoscenze difficili&#8221;&nbsp;(2015) \u00e8 stato distribuito dagli&nbsp;Elysium Bandini Studios&nbsp;di Los Angeles. Il suo lungometraggio&nbsp;&#8220;Avanti&#8221;&nbsp;(2016) \u00e8 invece un documentario sociopolitico&nbsp;che investiga la crisi che attraversa l&#8217;Italia e l&#8217;Europa, ed \u00e8 stato presentato in concorso all&#8217;edizione del RIFF\/Rome Independent Film Festival nel 2017.<\/p>\n","protected":false},"excerpt":{"rendered":"<p>S&#8217;intitola &#8220;A Short Story&#8221; il nuovo cortometraggio della regista e scrittrice italiana Lucia Senesi in concorso all&#8217; Italian Contemporary Film Festival, che si svolge online fino all&#8217;8 dicembre  grazie alla partnership col Toronto Film Festival<\/p>\n","protected":false},"author":26,"featured_media":172256,"comment_status":"closed","ping_status":"closed","sticky":false,"template":"","format":"standard","meta":{"googlesitekit_rrm_CAow3e7fCw:productID":"","_crdt_document":"","footnotes":""},"categories":[189],"tags":[292,2334,2325],"class_list":{"0":"post-172252","1":"post","2":"type-post","3":"status-publish","4":"format-standard","5":"has-post-thumbnail","7":"category-events","8":"tag-cortometraggi","9":"tag-events","10":"tag-festivals"},"yoast_head":"<!-- This site is optimized with the Yoast SEO Premium plugin v27.4 (Yoast SEO v27.5) - https:\/\/yoast.com\/product\/yoast-seo-premium-wordpress\/ -->\n<title>ITALIANI ALL&#039;ESTERO A Short Story in concorso all&#039;ICFF - Cinema &amp; Video International<\/title>\n<meta name=\"description\" content=\"ITALIANI ALL&#039;ESTERO A Short Story in concorso all&#039;ICFF \u2013 italiani allestero a short story in. \u00a0S&#039;intitola\u00a0&quot;A Short Story&quot;\u00a0il nuovo cortometraggio della re\" \/>\n<meta name=\"robots\" content=\"index, follow, max-snippet:-1, max-image-preview:large, max-video-preview:-1\" \/>\n<link rel=\"canonical\" href=\"https:\/\/cinema.video\/it\/italiani-allestero-a-short-story-in-concorso-allicff\" \/>\n<meta property=\"og:locale\" content=\"it_IT\" \/>\n<meta property=\"og:type\" content=\"article\" \/>\n<meta property=\"og:title\" content=\"ITALIANI ALL&#039;ESTERO A Short Story in concorso all&#039;ICFF\" \/>\n<meta property=\"og:description\" content=\"ITALIANI ALL&#039;ESTERO A Short Story in concorso all&#039;ICFF \u2013 italiani allestero a short story in. \u00a0S&#039;intitola\u00a0&quot;A Short Story&quot;\u00a0il nuovo cortometraggio della re\" \/>\n<meta property=\"og:url\" content=\"https:\/\/cinema.video\/it\/italiani-allestero-a-short-story-in-concorso-allicff\" \/>\n<meta property=\"og:site_name\" content=\"Cinema &amp; Video International\" \/>\n<meta property=\"article:publisher\" content=\"https:\/\/www.facebook.com\/CinemaVideoInternational\/\" \/>\n<meta property=\"article:published_time\" content=\"2020-12-05T15:39:54+00:00\" \/>\n<meta property=\"article:modified_time\" content=\"2026-04-10T01:51:17+00:00\" \/>\n<meta property=\"og:image\" content=\"https:\/\/cinema.video\/wp-content\/uploads\/2020\/12\/A-SHORT-STORY_2-scaled.jpg\" \/>\n\t<meta property=\"og:image:width\" content=\"2560\" \/>\n\t<meta property=\"og:image:height\" content=\"1350\" \/>\n\t<meta property=\"og:image:type\" content=\"image\/jpeg\" \/>\n<meta name=\"author\" content=\"Redazione\" \/>\n<meta name=\"twitter:card\" content=\"summary_large_image\" \/>\n<meta name=\"twitter:label1\" content=\"Scritto da\" \/>\n\t<meta name=\"twitter:data1\" content=\"Redazione\" \/>\n\t<meta name=\"twitter:label2\" content=\"Tempo di lettura stimato\" \/>\n\t<meta name=\"twitter:data2\" content=\"1 minuto\" \/>\n<script type=\"application\/ld+json\" class=\"yoast-schema-graph\">{\"@context\":\"https:\\\/\\\/schema.org\",\"@graph\":[{\"@type\":\"Article\",\"@id\":\"https:\\\/\\\/cinema.video\\\/it\\\/italiani-allestero-a-short-story-in-concorso-allicff#article\",\"isPartOf\":{\"@id\":\"https:\\\/\\\/cinema.video\\\/it\\\/italiani-allestero-a-short-story-in-concorso-allicff\"},\"author\":{\"name\":\"Redazione\",\"@id\":\"https:\\\/\\\/cinema.video\\\/it#\\\/schema\\\/person\\\/aeb01b91d874e8b01e76a1db04c668c6\"},\"headline\":\"ITALIANI ALL&#8217;ESTERO A Short Story in concorso all&#8217;ICFF\",\"datePublished\":\"2020-12-05T15:39:54+00:00\",\"dateModified\":\"2026-04-10T01:51:17+00:00\",\"mainEntityOfPage\":{\"@id\":\"https:\\\/\\\/cinema.video\\\/it\\\/italiani-allestero-a-short-story-in-concorso-allicff\"},\"wordCount\":256,\"publisher\":{\"@id\":\"https:\\\/\\\/cinema.video\\\/it#organization\"},\"image\":{\"@id\":\"https:\\\/\\\/cinema.video\\\/it\\\/italiani-allestero-a-short-story-in-concorso-allicff#primaryimage\"},\"thumbnailUrl\":\"https:\\\/\\\/cinema.video\\\/wp-content\\\/uploads\\\/2020\\\/12\\\/A-SHORT-STORY_2-scaled.jpg\",\"keywords\":[\"cortometraggi\",\"EVENTS\",\"FESTIVALS\"],\"articleSection\":[\"EVENTS\"],\"inLanguage\":\"it-IT\"},{\"@type\":\"WebPage\",\"@id\":\"https:\\\/\\\/cinema.video\\\/it\\\/italiani-allestero-a-short-story-in-concorso-allicff\",\"url\":\"https:\\\/\\\/cinema.video\\\/it\\\/italiani-allestero-a-short-story-in-concorso-allicff\",\"name\":\"ITALIANI ALL'ESTERO A Short Story in concorso all'ICFF - Cinema &amp; Video International\",\"isPartOf\":{\"@id\":\"https:\\\/\\\/cinema.video\\\/it#website\"},\"primaryImageOfPage\":{\"@id\":\"https:\\\/\\\/cinema.video\\\/it\\\/italiani-allestero-a-short-story-in-concorso-allicff#primaryimage\"},\"image\":{\"@id\":\"https:\\\/\\\/cinema.video\\\/it\\\/italiani-allestero-a-short-story-in-concorso-allicff#primaryimage\"},\"thumbnailUrl\":\"https:\\\/\\\/cinema.video\\\/wp-content\\\/uploads\\\/2020\\\/12\\\/A-SHORT-STORY_2-scaled.jpg\",\"datePublished\":\"2020-12-05T15:39:54+00:00\",\"dateModified\":\"2026-04-10T01:51:17+00:00\",\"description\":\"ITALIANI ALL'ESTERO A Short Story in concorso all'ICFF \u2013 italiani allestero a short story in. \u00a0S'intitola\u00a0\\\"A Short Story\\\"\u00a0il nuovo cortometraggio della re\",\"breadcrumb\":{\"@id\":\"https:\\\/\\\/cinema.video\\\/it\\\/italiani-allestero-a-short-story-in-concorso-allicff#breadcrumb\"},\"inLanguage\":\"it-IT\",\"potentialAction\":[{\"@type\":\"ReadAction\",\"target\":[\"https:\\\/\\\/cinema.video\\\/it\\\/italiani-allestero-a-short-story-in-concorso-allicff\"]}]},{\"@type\":\"ImageObject\",\"inLanguage\":\"it-IT\",\"@id\":\"https:\\\/\\\/cinema.video\\\/it\\\/italiani-allestero-a-short-story-in-concorso-allicff#primaryimage\",\"url\":\"https:\\\/\\\/cinema.video\\\/wp-content\\\/uploads\\\/2020\\\/12\\\/A-SHORT-STORY_2-scaled.jpg\",\"contentUrl\":\"https:\\\/\\\/cinema.video\\\/wp-content\\\/uploads\\\/2020\\\/12\\\/A-SHORT-STORY_2-scaled.jpg\",\"width\":2560,\"height\":1350},{\"@type\":\"BreadcrumbList\",\"@id\":\"https:\\\/\\\/cinema.video\\\/it\\\/italiani-allestero-a-short-story-in-concorso-allicff#breadcrumb\",\"itemListElement\":[{\"@type\":\"ListItem\",\"position\":1,\"name\":\"Home\",\"item\":\"https:\\\/\\\/cinema.video\\\/it\\\/home-2\"},{\"@type\":\"ListItem\",\"position\":2,\"name\":\"ITALIANI ALL&#8217;ESTERO A Short Story in concorso all&#8217;ICFF\"}]},{\"@type\":\"WebSite\",\"@id\":\"https:\\\/\\\/cinema.video\\\/it#website\",\"url\":\"https:\\\/\\\/cinema.video\\\/it\",\"name\":\"Cinema & Video International\",\"description\":\"Film &amp; Audiovisual Industry Trade Magazine\",\"publisher\":{\"@id\":\"https:\\\/\\\/cinema.video\\\/it#organization\"},\"alternateName\":\"Cinema & Video\",\"potentialAction\":[{\"@type\":\"SearchAction\",\"target\":{\"@type\":\"EntryPoint\",\"urlTemplate\":\"https:\\\/\\\/cinema.video\\\/it?s={search_term_string}\"},\"query-input\":{\"@type\":\"PropertyValueSpecification\",\"valueRequired\":true,\"valueName\":\"search_term_string\"}}],\"inLanguage\":\"it-IT\"},{\"@type\":\"Organization\",\"@id\":\"https:\\\/\\\/cinema.video\\\/it#organization\",\"name\":\"Cinema & Video\",\"url\":\"https:\\\/\\\/cinema.video\\\/it\",\"logo\":{\"@type\":\"ImageObject\",\"inLanguage\":\"it-IT\",\"@id\":\"https:\\\/\\\/cinema.video\\\/it#\\\/schema\\\/logo\\\/image\\\/\",\"url\":\"https:\\\/\\\/cinema.video\\\/wp-content\\\/uploads\\\/2026\\\/04\\\/CinemVideo_LogoBlack.png\",\"contentUrl\":\"https:\\\/\\\/cinema.video\\\/wp-content\\\/uploads\\\/2026\\\/04\\\/CinemVideo_LogoBlack.png\",\"width\":1336,\"height\":224,\"caption\":\"Cinema & Video\"},\"image\":{\"@id\":\"https:\\\/\\\/cinema.video\\\/it#\\\/schema\\\/logo\\\/image\\\/\"},\"sameAs\":[\"https:\\\/\\\/www.facebook.com\\\/CinemaVideoInternational\\\/\",\"https:\\\/\\\/www.instagram.com\\\/cinemaevideointernational\\\/\",\"https:\\\/\\\/it.linkedin.com\\\/company\\\/cinema-video-international\"],\"description\":\"Media Consulting & Marketing Agency\",\"email\":\"hello@darostudio.com\",\"legalName\":\"DARO studio LLC\",\"foundingDate\":\"2021-02-16\",\"numberOfEmployees\":{\"@type\":\"QuantitativeValue\",\"minValue\":\"1\",\"maxValue\":\"10\"}},{\"@type\":\"Person\",\"@id\":\"https:\\\/\\\/cinema.video\\\/it#\\\/schema\\\/person\\\/aeb01b91d874e8b01e76a1db04c668c6\",\"name\":\"Redazione\",\"image\":{\"@type\":\"ImageObject\",\"inLanguage\":\"it-IT\",\"@id\":\"https:\\\/\\\/secure.gravatar.com\\\/avatar\\\/06ad6f92eb14745b75fb592cadf8139d33242d81c9c8b085133c450aaf0b9731?s=96&d=mm&r=g\",\"url\":\"https:\\\/\\\/secure.gravatar.com\\\/avatar\\\/06ad6f92eb14745b75fb592cadf8139d33242d81c9c8b085133c450aaf0b9731?s=96&d=mm&r=g\",\"contentUrl\":\"https:\\\/\\\/secure.gravatar.com\\\/avatar\\\/06ad6f92eb14745b75fb592cadf8139d33242d81c9c8b085133c450aaf0b9731?s=96&d=mm&r=g\",\"caption\":\"Redazione\"},\"url\":\"https:\\\/\\\/cinema.video\\\/it\\\/author\\\/redazione\"}]}<\/script>\n<!-- \/ Yoast SEO Premium plugin. -->","yoast_head_json":{"title":"ITALIANI ALL'ESTERO A Short Story in concorso all'ICFF - Cinema &amp; Video International","description":"ITALIANI ALL'ESTERO A Short Story in concorso all'ICFF \u2013 italiani allestero a short story in. \u00a0S'intitola\u00a0\"A Short Story\"\u00a0il nuovo cortometraggio della re","robots":{"index":"index","follow":"follow","max-snippet":"max-snippet:-1","max-image-preview":"max-image-preview:large","max-video-preview":"max-video-preview:-1"},"canonical":"https:\/\/cinema.video\/it\/italiani-allestero-a-short-story-in-concorso-allicff","og_locale":"it_IT","og_type":"article","og_title":"ITALIANI ALL'ESTERO A Short Story in concorso all'ICFF","og_description":"ITALIANI ALL'ESTERO A Short Story in concorso all'ICFF \u2013 italiani allestero a short story in. \u00a0S'intitola\u00a0\"A Short Story\"\u00a0il nuovo cortometraggio della re","og_url":"https:\/\/cinema.video\/it\/italiani-allestero-a-short-story-in-concorso-allicff","og_site_name":"Cinema &amp; Video International","article_publisher":"https:\/\/www.facebook.com\/CinemaVideoInternational\/","article_published_time":"2020-12-05T15:39:54+00:00","article_modified_time":"2026-04-10T01:51:17+00:00","og_image":[{"width":2560,"height":1350,"url":"https:\/\/cinema.video\/wp-content\/uploads\/2020\/12\/A-SHORT-STORY_2-scaled.jpg","type":"image\/jpeg"}],"author":"Redazione","twitter_card":"summary_large_image","twitter_misc":{"Scritto da":"Redazione","Tempo di lettura stimato":"1 minuto"},"schema":{"@context":"https:\/\/schema.org","@graph":[{"@type":"Article","@id":"https:\/\/cinema.video\/it\/italiani-allestero-a-short-story-in-concorso-allicff#article","isPartOf":{"@id":"https:\/\/cinema.video\/it\/italiani-allestero-a-short-story-in-concorso-allicff"},"author":{"name":"Redazione","@id":"https:\/\/cinema.video\/it#\/schema\/person\/aeb01b91d874e8b01e76a1db04c668c6"},"headline":"ITALIANI ALL&#8217;ESTERO A Short Story in concorso all&#8217;ICFF","datePublished":"2020-12-05T15:39:54+00:00","dateModified":"2026-04-10T01:51:17+00:00","mainEntityOfPage":{"@id":"https:\/\/cinema.video\/it\/italiani-allestero-a-short-story-in-concorso-allicff"},"wordCount":256,"publisher":{"@id":"https:\/\/cinema.video\/it#organization"},"image":{"@id":"https:\/\/cinema.video\/it\/italiani-allestero-a-short-story-in-concorso-allicff#primaryimage"},"thumbnailUrl":"https:\/\/cinema.video\/wp-content\/uploads\/2020\/12\/A-SHORT-STORY_2-scaled.jpg","keywords":["cortometraggi","EVENTS","FESTIVALS"],"articleSection":["EVENTS"],"inLanguage":"it-IT"},{"@type":"WebPage","@id":"https:\/\/cinema.video\/it\/italiani-allestero-a-short-story-in-concorso-allicff","url":"https:\/\/cinema.video\/it\/italiani-allestero-a-short-story-in-concorso-allicff","name":"ITALIANI ALL'ESTERO A Short Story in concorso all'ICFF - Cinema &amp; Video International","isPartOf":{"@id":"https:\/\/cinema.video\/it#website"},"primaryImageOfPage":{"@id":"https:\/\/cinema.video\/it\/italiani-allestero-a-short-story-in-concorso-allicff#primaryimage"},"image":{"@id":"https:\/\/cinema.video\/it\/italiani-allestero-a-short-story-in-concorso-allicff#primaryimage"},"thumbnailUrl":"https:\/\/cinema.video\/wp-content\/uploads\/2020\/12\/A-SHORT-STORY_2-scaled.jpg","datePublished":"2020-12-05T15:39:54+00:00","dateModified":"2026-04-10T01:51:17+00:00","description":"ITALIANI ALL'ESTERO A Short Story in concorso all'ICFF \u2013 italiani allestero a short story in. \u00a0S'intitola\u00a0\"A Short Story\"\u00a0il nuovo cortometraggio della re","breadcrumb":{"@id":"https:\/\/cinema.video\/it\/italiani-allestero-a-short-story-in-concorso-allicff#breadcrumb"},"inLanguage":"it-IT","potentialAction":[{"@type":"ReadAction","target":["https:\/\/cinema.video\/it\/italiani-allestero-a-short-story-in-concorso-allicff"]}]},{"@type":"ImageObject","inLanguage":"it-IT","@id":"https:\/\/cinema.video\/it\/italiani-allestero-a-short-story-in-concorso-allicff#primaryimage","url":"https:\/\/cinema.video\/wp-content\/uploads\/2020\/12\/A-SHORT-STORY_2-scaled.jpg","contentUrl":"https:\/\/cinema.video\/wp-content\/uploads\/2020\/12\/A-SHORT-STORY_2-scaled.jpg","width":2560,"height":1350},{"@type":"BreadcrumbList","@id":"https:\/\/cinema.video\/it\/italiani-allestero-a-short-story-in-concorso-allicff#breadcrumb","itemListElement":[{"@type":"ListItem","position":1,"name":"Home","item":"https:\/\/cinema.video\/it\/home-2"},{"@type":"ListItem","position":2,"name":"ITALIANI ALL&#8217;ESTERO A Short Story in concorso all&#8217;ICFF"}]},{"@type":"WebSite","@id":"https:\/\/cinema.video\/it#website","url":"https:\/\/cinema.video\/it","name":"Cinema & Video International","description":"Film &amp; Audiovisual Industry Trade Magazine","publisher":{"@id":"https:\/\/cinema.video\/it#organization"},"alternateName":"Cinema & Video","potentialAction":[{"@type":"SearchAction","target":{"@type":"EntryPoint","urlTemplate":"https:\/\/cinema.video\/it?s={search_term_string}"},"query-input":{"@type":"PropertyValueSpecification","valueRequired":true,"valueName":"search_term_string"}}],"inLanguage":"it-IT"},{"@type":"Organization","@id":"https:\/\/cinema.video\/it#organization","name":"Cinema & Video","url":"https:\/\/cinema.video\/it","logo":{"@type":"ImageObject","inLanguage":"it-IT","@id":"https:\/\/cinema.video\/it#\/schema\/logo\/image\/","url":"https:\/\/cinema.video\/wp-content\/uploads\/2026\/04\/CinemVideo_LogoBlack.png","contentUrl":"https:\/\/cinema.video\/wp-content\/uploads\/2026\/04\/CinemVideo_LogoBlack.png","width":1336,"height":224,"caption":"Cinema & Video"},"image":{"@id":"https:\/\/cinema.video\/it#\/schema\/logo\/image\/"},"sameAs":["https:\/\/www.facebook.com\/CinemaVideoInternational\/","https:\/\/www.instagram.com\/cinemaevideointernational\/","https:\/\/it.linkedin.com\/company\/cinema-video-international"],"description":"Media Consulting & Marketing Agency","email":"hello@darostudio.com","legalName":"DARO studio LLC","foundingDate":"2021-02-16","numberOfEmployees":{"@type":"QuantitativeValue","minValue":"1","maxValue":"10"}},{"@type":"Person","@id":"https:\/\/cinema.video\/it#\/schema\/person\/aeb01b91d874e8b01e76a1db04c668c6","name":"Redazione","image":{"@type":"ImageObject","inLanguage":"it-IT","@id":"https:\/\/secure.gravatar.com\/avatar\/06ad6f92eb14745b75fb592cadf8139d33242d81c9c8b085133c450aaf0b9731?s=96&d=mm&r=g","url":"https:\/\/secure.gravatar.com\/avatar\/06ad6f92eb14745b75fb592cadf8139d33242d81c9c8b085133c450aaf0b9731?s=96&d=mm&r=g","contentUrl":"https:\/\/secure.gravatar.com\/avatar\/06ad6f92eb14745b75fb592cadf8139d33242d81c9c8b085133c450aaf0b9731?s=96&d=mm&r=g","caption":"Redazione"},"url":"https:\/\/cinema.video\/it\/author\/redazione"}]}},"jetpack_featured_media_url":"https:\/\/cinema.video\/wp-content\/uploads\/2020\/12\/A-SHORT-STORY_2-scaled.jpg","jetpack_shortlink":"https:\/\/wp.me\/ph672m-IOg","_links":{"self":[{"href":"https:\/\/cinema.video\/it\/wp-json\/wp\/v2\/posts\/172252","targetHints":{"allow":["GET"]}}],"collection":[{"href":"https:\/\/cinema.video\/it\/wp-json\/wp\/v2\/posts"}],"about":[{"href":"https:\/\/cinema.video\/it\/wp-json\/wp\/v2\/types\/post"}],"author":[{"embeddable":true,"href":"https:\/\/cinema.video\/it\/wp-json\/wp\/v2\/users\/26"}],"replies":[{"embeddable":true,"href":"https:\/\/cinema.video\/it\/wp-json\/wp\/v2\/comments?post=172252"}],"version-history":[{"count":2,"href":"https:\/\/cinema.video\/it\/wp-json\/wp\/v2\/posts\/172252\/revisions"}],"predecessor-version":[{"id":308024,"href":"https:\/\/cinema.video\/it\/wp-json\/wp\/v2\/posts\/172252\/revisions\/308024"}],"wp:featuredmedia":[{"embeddable":true,"href":"https:\/\/cinema.video\/it\/wp-json\/wp\/v2\/media\/172256"}],"wp:attachment":[{"href":"https:\/\/cinema.video\/it\/wp-json\/wp\/v2\/media?parent=172252"}],"wp:term":[{"taxonomy":"category","embeddable":true,"href":"https:\/\/cinema.video\/it\/wp-json\/wp\/v2\/categories?post=172252"},{"taxonomy":"post_tag","embeddable":true,"href":"https:\/\/cinema.video\/it\/wp-json\/wp\/v2\/tags?post=172252"}],"curies":[{"name":"wp","href":"https:\/\/api.w.org\/{rel}","templated":true}]}}