{"id":17,"date":"2007-02-06T00:00:00","date_gmt":"2007-02-06T00:00:00","guid":{"rendered":"https:\/\/cinema.video\/mercati-qualcosa-e-cambiato"},"modified":"2026-04-10T03:09:52","modified_gmt":"2026-04-10T01:09:52","slug":"mercati-qualcosa-e-cambiato","status":"publish","type":"post","link":"https:\/\/cinema.video\/it\/mercati-qualcosa-e-cambiato","title":{"rendered":"MERCATI Qualcosa \u00e8 cambiato"},"content":{"rendered":"<p><P>&#8220;Penso al Mifed con rimpianto&#8221;\u00a6 ma si \u00e8 suicidato&#8221;. <\/P><br \/>\n<P>Ecco. Alla fine, nel nostro giro di opinioni sull&#8217;European Film Market, il grande assente si materializza. Nessuno ha pi\u00f9 speranza alcuna che si possa tornare ad avere un mercato cinematografico milanese. Compatto il giudizio impietoso di tutti i nostri esportatori. <BR>Che per questa ragione ora pongono molte speranze e aspettative su Roma e sulla neonata Business Street parallela alla Festa del Cinema. Roma \u00e8 il cinema, Roma \u00e8 glamour, a Roma \u00e8 sempre un piacere andarci. <BR>In pi\u00f9 l&#8217;organizzazione messa in piedi quest&#8217;anno ha lasciato tutti gli stranieri pi\u00f9 che favorevolmente sorpresi. <BR>Certo, siamo ancora a una dimensione pi\u00f9 da screening per una clientela selezionata (c&#8217;erano circa 200-250 buyer invitati e ospitati) che da mercato, ma le potenzialit\u00e0\u00a0 perch\u00e9 la manifestazione romana impari dai propri errori e decolli in futuro ci sono tutte. &#8220;Sarebbe perfetto se si potesse avere un mercato romano&#8221;, secondo <STRONG>Gianluca Curti<\/STRONG> di Minerva. &#8220;Il periodo \u00e8 perfetto e ci potrebbe permettere di non andare all&#8217;AFM, che per indipendenti ed europei non funziona assolutamente. Mi \u00e8 parso di capire che erano proprio gli esportatori europei presenti i pi\u00f9 entusiasti.&#8221; <BR>Auspica un futuro radioso come la stagione che ha accompagnato la prima edizione <STRONG>Sesto Cifola<\/STRONG>, che ricorda come il luogo del festival, Il Parco della Musica, non abbia eguali al mondo. &#8220;Tutto deve partire da l\u00ec e deve trovare il suo fulcro in quella struttura. Per uffici e altre sale di proiezione basterebbe una tensostruttura ben fatta a ridosso del Parco&#8221;. <\/P><br \/>\n<P>L&#8217; AFM sta vivendo una crisi clamorosa, sarebbe facilissimo far diventare Roma il terzo mercato stagionale. Anche per <STRONG>Roberto Di Girolamo<\/STRONG> Roma dovrebbe approfittare della crisi dell&#8217;AFM e dei tentennamenti che Berlino sta avendo nella sua deriva a divenire un mercato generalista e americanizzato. &#8220;Chi sta dietro alla Festa ama il cinema e lo conosce e sa come fare ad approfittare degli errori e delle manchevolezze degli altri. <BR>C&#8217;\u00e8 assoluto bisogno di un mercato specializzato per il cinema di qualit\u00e0\u00a0 e d&#8217;autore, anche se le sue quote di mercato sono ridotte e si sono ulteriormente ristrette con la crisi del theatrical e il disinteresse crescente delle reti televisive, tutte prese a fare reality e fiction. Ma se si crede in questo cinema, \u00e8 necessario che gli si crei uno spazio specializzato a lui dedicato, e non ad altro. Mi farebbe piacere che il senso di queste mie parole arrivasse agli organizzatori della Festa, che capissero che ci sono i numeri per fare un nuovo mercato&#8221;. <\/P><br \/>\n<P>Parla di &#8220;prove generali di un vero mercato&#8221; <STRONG>Adriana Chiesa<\/STRONG>. &#8220;I circa 250 compratori venuti sono stati abbagliati dall&#8217;ospitalit\u00e0\u00a0 e dalla bellezza della citt\u00e0\u00a0. Tutto ha funzionato alla perfezione. Insomma, Roma ha le potenzialit\u00e0\u00a0 per diventare il terzo mercato cinematografico. Dopo anni difficili per il nostro cinema, sarebbe un segno di grande ripresa&#8221;. <\/P><br \/>\n<P>Un po&#8217; pi\u00f9 cauta <STRONG>Paola Corvino<\/STRONG>, secondo cui il futuro della Business Street si capir\u00e0\u00a0 solo quando le date della Festa saranno finalmente decise. &#8220;Comunque il primo impatto \u00e8 stato positivo. Chi ha una cornice come questa? Certo ci sono stati problemi organizzativi, un po&#8217; di dispersione; ma era la prima edizione e tutto \u00e8 stato attribuito all&#8217;inesperienza e perdonato. E&#8217; sulla seconda edizione che si capir\u00e0\u00a0 il futuro della manifestazione&#8221;. (A.M.) <\/P><br \/>\n<P>&nbsp;<\/P><br \/>\n<P>Cinema&amp;Video International&nbsp; 1\/2-2007<\/P><\/p>\n","protected":false},"excerpt":{"rendered":"<p>NULL<\/p>\n","protected":false},"author":101032,"featured_media":0,"comment_status":"open","ping_status":"open","sticky":false,"template":"","format":"standard","meta":{"googlesitekit_rrm_CAow3e7fCw:productID":"","_crdt_document":"","footnotes":""},"categories":[1],"tags":[80],"class_list":{"0":"post-17","1":"post","2":"type-post","3":"status-publish","4":"format-standard","6":"category-senza-categoria","7":"tag-varia"},"yoast_head":"<!-- This site is optimized with the Yoast SEO Premium plugin v27.4 (Yoast SEO v27.5) - https:\/\/yoast.com\/product\/yoast-seo-premium-wordpress\/ -->\n<title>MERCATI Qualcosa \u00e8 cambiato - Cinema &amp; Video International<\/title>\n<meta name=\"description\" content=\"MERCATI Qualcosa \u00e8 cambiato \u2013 mercati qualcosa cambiato. &quot;Penso al Mifed con rimpianto&quot;\u00a6 ma si \u00e8 suicidato&quot;. Ecco. Alla fine, nel nostro giro di opinioni\" \/>\n<meta name=\"robots\" content=\"index, follow, max-snippet:-1, max-image-preview:large, max-video-preview:-1\" \/>\n<link rel=\"canonical\" href=\"https:\/\/cinema.video\/it\/mercati-qualcosa-e-cambiato\" \/>\n<meta property=\"og:locale\" content=\"it_IT\" \/>\n<meta property=\"og:type\" content=\"article\" \/>\n<meta property=\"og:title\" content=\"MERCATI Qualcosa \u00e8 cambiato\" \/>\n<meta property=\"og:description\" content=\"MERCATI Qualcosa \u00e8 cambiato \u2013 mercati qualcosa cambiato. &quot;Penso al Mifed con rimpianto&quot;\u00a6 ma si \u00e8 suicidato&quot;. Ecco. Alla fine, nel nostro giro di opinioni\" \/>\n<meta property=\"og:url\" content=\"https:\/\/cinema.video\/it\/mercati-qualcosa-e-cambiato\" \/>\n<meta property=\"og:site_name\" content=\"Cinema &amp; Video International\" \/>\n<meta property=\"article:publisher\" content=\"https:\/\/www.facebook.com\/CinemaVideoInternational\/\" \/>\n<meta property=\"article:published_time\" content=\"2007-02-06T00:00:00+00:00\" \/>\n<meta property=\"article:modified_time\" content=\"2026-04-10T01:09:52+00:00\" \/>\n<meta property=\"og:image\" content=\"https:\/\/cinema.video\/wp-content\/uploads\/2026\/04\/CinemVideo_LogoBlack.png\" \/>\n\t<meta property=\"og:image:width\" content=\"1336\" \/>\n\t<meta property=\"og:image:height\" content=\"224\" \/>\n\t<meta property=\"og:image:type\" content=\"image\/png\" \/>\n<meta name=\"author\" content=\"Davide Morena\" \/>\n<meta name=\"twitter:card\" content=\"summary_large_image\" \/>\n<meta name=\"twitter:label1\" content=\"Scritto da\" \/>\n\t<meta name=\"twitter:data1\" content=\"Davide Morena\" \/>\n\t<meta name=\"twitter:label2\" content=\"Tempo di lettura stimato\" \/>\n\t<meta name=\"twitter:data2\" content=\"3 minuti\" \/>\n<script type=\"application\/ld+json\" class=\"yoast-schema-graph\">{\"@context\":\"https:\\\/\\\/schema.org\",\"@graph\":[{\"@type\":\"Article\",\"@id\":\"https:\\\/\\\/cinema.video\\\/it\\\/mercati-qualcosa-e-cambiato#article\",\"isPartOf\":{\"@id\":\"https:\\\/\\\/cinema.video\\\/it\\\/mercati-qualcosa-e-cambiato\"},\"author\":{\"name\":\"Davide Morena\",\"@id\":\"https:\\\/\\\/cinema.video\\\/it#\\\/schema\\\/person\\\/b63ca05986911bf3a53c6c027c27b8b7\"},\"headline\":\"MERCATI Qualcosa \u00e8 cambiato\",\"datePublished\":\"2007-02-06T00:00:00+00:00\",\"dateModified\":\"2026-04-10T01:09:52+00:00\",\"mainEntityOfPage\":{\"@id\":\"https:\\\/\\\/cinema.video\\\/it\\\/mercati-qualcosa-e-cambiato\"},\"wordCount\":552,\"commentCount\":0,\"publisher\":{\"@id\":\"https:\\\/\\\/cinema.video\\\/it#organization\"},\"keywords\":[\"Varia\"],\"inLanguage\":\"it-IT\",\"potentialAction\":[{\"@type\":\"CommentAction\",\"name\":\"Comment\",\"target\":[\"https:\\\/\\\/cinema.video\\\/it\\\/mercati-qualcosa-e-cambiato#respond\"]}]},{\"@type\":\"WebPage\",\"@id\":\"https:\\\/\\\/cinema.video\\\/it\\\/mercati-qualcosa-e-cambiato\",\"url\":\"https:\\\/\\\/cinema.video\\\/it\\\/mercati-qualcosa-e-cambiato\",\"name\":\"MERCATI Qualcosa \u00e8 cambiato - Cinema &amp; Video International\",\"isPartOf\":{\"@id\":\"https:\\\/\\\/cinema.video\\\/it#website\"},\"datePublished\":\"2007-02-06T00:00:00+00:00\",\"dateModified\":\"2026-04-10T01:09:52+00:00\",\"description\":\"MERCATI Qualcosa \u00e8 cambiato \u2013 mercati qualcosa cambiato. \\\"Penso al Mifed con rimpianto\\\"\u00a6 ma si \u00e8 suicidato\\\". Ecco. Alla fine, nel nostro giro di opinioni\",\"breadcrumb\":{\"@id\":\"https:\\\/\\\/cinema.video\\\/it\\\/mercati-qualcosa-e-cambiato#breadcrumb\"},\"inLanguage\":\"it-IT\",\"potentialAction\":[{\"@type\":\"ReadAction\",\"target\":[\"https:\\\/\\\/cinema.video\\\/it\\\/mercati-qualcosa-e-cambiato\"]}]},{\"@type\":\"BreadcrumbList\",\"@id\":\"https:\\\/\\\/cinema.video\\\/it\\\/mercati-qualcosa-e-cambiato#breadcrumb\",\"itemListElement\":[{\"@type\":\"ListItem\",\"position\":1,\"name\":\"Home\",\"item\":\"https:\\\/\\\/cinema.video\\\/it\\\/home-2\"},{\"@type\":\"ListItem\",\"position\":2,\"name\":\"MERCATI Qualcosa \u00e8 cambiato\"}]},{\"@type\":\"WebSite\",\"@id\":\"https:\\\/\\\/cinema.video\\\/it#website\",\"url\":\"https:\\\/\\\/cinema.video\\\/it\",\"name\":\"Cinema & Video International\",\"description\":\"Film &amp; Audiovisual Industry Trade Magazine\",\"publisher\":{\"@id\":\"https:\\\/\\\/cinema.video\\\/it#organization\"},\"alternateName\":\"Cinema & Video\",\"potentialAction\":[{\"@type\":\"SearchAction\",\"target\":{\"@type\":\"EntryPoint\",\"urlTemplate\":\"https:\\\/\\\/cinema.video\\\/it?s={search_term_string}\"},\"query-input\":{\"@type\":\"PropertyValueSpecification\",\"valueRequired\":true,\"valueName\":\"search_term_string\"}}],\"inLanguage\":\"it-IT\"},{\"@type\":\"Organization\",\"@id\":\"https:\\\/\\\/cinema.video\\\/it#organization\",\"name\":\"Cinema & Video\",\"url\":\"https:\\\/\\\/cinema.video\\\/it\",\"logo\":{\"@type\":\"ImageObject\",\"inLanguage\":\"it-IT\",\"@id\":\"https:\\\/\\\/cinema.video\\\/it#\\\/schema\\\/logo\\\/image\\\/\",\"url\":\"https:\\\/\\\/cinema.video\\\/wp-content\\\/uploads\\\/2026\\\/04\\\/CinemVideo_LogoBlack.png\",\"contentUrl\":\"https:\\\/\\\/cinema.video\\\/wp-content\\\/uploads\\\/2026\\\/04\\\/CinemVideo_LogoBlack.png\",\"width\":1336,\"height\":224,\"caption\":\"Cinema & Video\"},\"image\":{\"@id\":\"https:\\\/\\\/cinema.video\\\/it#\\\/schema\\\/logo\\\/image\\\/\"},\"sameAs\":[\"https:\\\/\\\/www.facebook.com\\\/CinemaVideoInternational\\\/\",\"https:\\\/\\\/www.instagram.com\\\/cinemaevideointernational\\\/\",\"https:\\\/\\\/it.linkedin.com\\\/company\\\/cinema-video-international\"],\"description\":\"Media Consulting & Marketing Agency\",\"email\":\"hello@darostudio.com\",\"legalName\":\"DARO studio LLC\",\"foundingDate\":\"2021-02-16\",\"numberOfEmployees\":{\"@type\":\"QuantitativeValue\",\"minValue\":\"1\",\"maxValue\":\"10\"}},{\"@type\":\"Person\",\"@id\":\"https:\\\/\\\/cinema.video\\\/it#\\\/schema\\\/person\\\/b63ca05986911bf3a53c6c027c27b8b7\",\"name\":\"Davide Morena\",\"image\":{\"@type\":\"ImageObject\",\"inLanguage\":\"it-IT\",\"@id\":\"https:\\\/\\\/secure.gravatar.com\\\/avatar\\\/4304209e0c1a7f0eafbc1fa01b5157cb233998514f3a0ff9ea99ae43a0f44009?s=96&d=mm&r=g\",\"url\":\"https:\\\/\\\/secure.gravatar.com\\\/avatar\\\/4304209e0c1a7f0eafbc1fa01b5157cb233998514f3a0ff9ea99ae43a0f44009?s=96&d=mm&r=g\",\"contentUrl\":\"https:\\\/\\\/secure.gravatar.com\\\/avatar\\\/4304209e0c1a7f0eafbc1fa01b5157cb233998514f3a0ff9ea99ae43a0f44009?s=96&d=mm&r=g\",\"caption\":\"Davide Morena\"},\"url\":\"https:\\\/\\\/cinema.video\\\/it\\\/author\\\/davide-morena\"}]}<\/script>\n<!-- \/ Yoast SEO Premium plugin. -->","yoast_head_json":{"title":"MERCATI Qualcosa \u00e8 cambiato - Cinema &amp; Video International","description":"MERCATI Qualcosa \u00e8 cambiato \u2013 mercati qualcosa cambiato. \"Penso al Mifed con rimpianto\"\u00a6 ma si \u00e8 suicidato\". Ecco. Alla fine, nel nostro giro di opinioni","robots":{"index":"index","follow":"follow","max-snippet":"max-snippet:-1","max-image-preview":"max-image-preview:large","max-video-preview":"max-video-preview:-1"},"canonical":"https:\/\/cinema.video\/it\/mercati-qualcosa-e-cambiato","og_locale":"it_IT","og_type":"article","og_title":"MERCATI Qualcosa \u00e8 cambiato","og_description":"MERCATI Qualcosa \u00e8 cambiato \u2013 mercati qualcosa cambiato. \"Penso al Mifed con rimpianto\"\u00a6 ma si \u00e8 suicidato\". Ecco. Alla fine, nel nostro giro di opinioni","og_url":"https:\/\/cinema.video\/it\/mercati-qualcosa-e-cambiato","og_site_name":"Cinema &amp; Video International","article_publisher":"https:\/\/www.facebook.com\/CinemaVideoInternational\/","article_published_time":"2007-02-06T00:00:00+00:00","article_modified_time":"2026-04-10T01:09:52+00:00","og_image":[{"width":1336,"height":224,"url":"https:\/\/cinema.video\/wp-content\/uploads\/2026\/04\/CinemVideo_LogoBlack.png","type":"image\/png"}],"author":"Davide Morena","twitter_card":"summary_large_image","twitter_misc":{"Scritto da":"Davide Morena","Tempo di lettura stimato":"3 minuti"},"schema":{"@context":"https:\/\/schema.org","@graph":[{"@type":"Article","@id":"https:\/\/cinema.video\/it\/mercati-qualcosa-e-cambiato#article","isPartOf":{"@id":"https:\/\/cinema.video\/it\/mercati-qualcosa-e-cambiato"},"author":{"name":"Davide Morena","@id":"https:\/\/cinema.video\/it#\/schema\/person\/b63ca05986911bf3a53c6c027c27b8b7"},"headline":"MERCATI Qualcosa \u00e8 cambiato","datePublished":"2007-02-06T00:00:00+00:00","dateModified":"2026-04-10T01:09:52+00:00","mainEntityOfPage":{"@id":"https:\/\/cinema.video\/it\/mercati-qualcosa-e-cambiato"},"wordCount":552,"commentCount":0,"publisher":{"@id":"https:\/\/cinema.video\/it#organization"},"keywords":["Varia"],"inLanguage":"it-IT","potentialAction":[{"@type":"CommentAction","name":"Comment","target":["https:\/\/cinema.video\/it\/mercati-qualcosa-e-cambiato#respond"]}]},{"@type":"WebPage","@id":"https:\/\/cinema.video\/it\/mercati-qualcosa-e-cambiato","url":"https:\/\/cinema.video\/it\/mercati-qualcosa-e-cambiato","name":"MERCATI Qualcosa \u00e8 cambiato - Cinema &amp; Video International","isPartOf":{"@id":"https:\/\/cinema.video\/it#website"},"datePublished":"2007-02-06T00:00:00+00:00","dateModified":"2026-04-10T01:09:52+00:00","description":"MERCATI Qualcosa \u00e8 cambiato \u2013 mercati qualcosa cambiato. \"Penso al Mifed con rimpianto\"\u00a6 ma si \u00e8 suicidato\". Ecco. Alla fine, nel nostro giro di opinioni","breadcrumb":{"@id":"https:\/\/cinema.video\/it\/mercati-qualcosa-e-cambiato#breadcrumb"},"inLanguage":"it-IT","potentialAction":[{"@type":"ReadAction","target":["https:\/\/cinema.video\/it\/mercati-qualcosa-e-cambiato"]}]},{"@type":"BreadcrumbList","@id":"https:\/\/cinema.video\/it\/mercati-qualcosa-e-cambiato#breadcrumb","itemListElement":[{"@type":"ListItem","position":1,"name":"Home","item":"https:\/\/cinema.video\/it\/home-2"},{"@type":"ListItem","position":2,"name":"MERCATI Qualcosa \u00e8 cambiato"}]},{"@type":"WebSite","@id":"https:\/\/cinema.video\/it#website","url":"https:\/\/cinema.video\/it","name":"Cinema & Video International","description":"Film &amp; Audiovisual Industry Trade Magazine","publisher":{"@id":"https:\/\/cinema.video\/it#organization"},"alternateName":"Cinema & Video","potentialAction":[{"@type":"SearchAction","target":{"@type":"EntryPoint","urlTemplate":"https:\/\/cinema.video\/it?s={search_term_string}"},"query-input":{"@type":"PropertyValueSpecification","valueRequired":true,"valueName":"search_term_string"}}],"inLanguage":"it-IT"},{"@type":"Organization","@id":"https:\/\/cinema.video\/it#organization","name":"Cinema & Video","url":"https:\/\/cinema.video\/it","logo":{"@type":"ImageObject","inLanguage":"it-IT","@id":"https:\/\/cinema.video\/it#\/schema\/logo\/image\/","url":"https:\/\/cinema.video\/wp-content\/uploads\/2026\/04\/CinemVideo_LogoBlack.png","contentUrl":"https:\/\/cinema.video\/wp-content\/uploads\/2026\/04\/CinemVideo_LogoBlack.png","width":1336,"height":224,"caption":"Cinema & Video"},"image":{"@id":"https:\/\/cinema.video\/it#\/schema\/logo\/image\/"},"sameAs":["https:\/\/www.facebook.com\/CinemaVideoInternational\/","https:\/\/www.instagram.com\/cinemaevideointernational\/","https:\/\/it.linkedin.com\/company\/cinema-video-international"],"description":"Media Consulting & Marketing Agency","email":"hello@darostudio.com","legalName":"DARO studio LLC","foundingDate":"2021-02-16","numberOfEmployees":{"@type":"QuantitativeValue","minValue":"1","maxValue":"10"}},{"@type":"Person","@id":"https:\/\/cinema.video\/it#\/schema\/person\/b63ca05986911bf3a53c6c027c27b8b7","name":"Davide Morena","image":{"@type":"ImageObject","inLanguage":"it-IT","@id":"https:\/\/secure.gravatar.com\/avatar\/4304209e0c1a7f0eafbc1fa01b5157cb233998514f3a0ff9ea99ae43a0f44009?s=96&d=mm&r=g","url":"https:\/\/secure.gravatar.com\/avatar\/4304209e0c1a7f0eafbc1fa01b5157cb233998514f3a0ff9ea99ae43a0f44009?s=96&d=mm&r=g","contentUrl":"https:\/\/secure.gravatar.com\/avatar\/4304209e0c1a7f0eafbc1fa01b5157cb233998514f3a0ff9ea99ae43a0f44009?s=96&d=mm&r=g","caption":"Davide Morena"},"url":"https:\/\/cinema.video\/it\/author\/davide-morena"}]}},"jetpack_featured_media_url":"","jetpack_shortlink":"https:\/\/wp.me\/ph672m-h","_links":{"self":[{"href":"https:\/\/cinema.video\/it\/wp-json\/wp\/v2\/posts\/17","targetHints":{"allow":["GET"]}}],"collection":[{"href":"https:\/\/cinema.video\/it\/wp-json\/wp\/v2\/posts"}],"about":[{"href":"https:\/\/cinema.video\/it\/wp-json\/wp\/v2\/types\/post"}],"author":[{"embeddable":true,"href":"https:\/\/cinema.video\/it\/wp-json\/wp\/v2\/users\/101032"}],"replies":[{"embeddable":true,"href":"https:\/\/cinema.video\/it\/wp-json\/wp\/v2\/comments?post=17"}],"version-history":[{"count":1,"href":"https:\/\/cinema.video\/it\/wp-json\/wp\/v2\/posts\/17\/revisions"}],"predecessor-version":[{"id":303409,"href":"https:\/\/cinema.video\/it\/wp-json\/wp\/v2\/posts\/17\/revisions\/303409"}],"wp:attachment":[{"href":"https:\/\/cinema.video\/it\/wp-json\/wp\/v2\/media?parent=17"}],"wp:term":[{"taxonomy":"category","embeddable":true,"href":"https:\/\/cinema.video\/it\/wp-json\/wp\/v2\/categories?post=17"},{"taxonomy":"post_tag","embeddable":true,"href":"https:\/\/cinema.video\/it\/wp-json\/wp\/v2\/tags?post=17"}],"curies":[{"name":"wp","href":"https:\/\/api.w.org\/{rel}","templated":true}]}}