{"id":127868,"date":"2020-11-10T08:53:45","date_gmt":"2020-11-10T07:53:45","guid":{"rendered":"https:\/\/cinema.video\/?p=127868"},"modified":"2026-04-10T03:50:52","modified_gmt":"2026-04-10T01:50:52","slug":"lazio-al-via-castello-errante-sostenuto-da-ibermedia","status":"publish","type":"post","link":"https:\/\/cinema.video\/it\/lazio-al-via-castello-errante-sostenuto-da-ibermedia","title":{"rendered":"LAZIO Al via Castello Errante sostenuto da Ibermedia"},"content":{"rendered":"\n<p class=\"wp-block-paragraph\">Inizier\u00e0 a met\u00e0 novembre online la 4 edizione di <strong>Castello Errante<\/strong>, la prima residenza internazionale di cinema che mette in relazione Italia con Centro e Sud America, unendo formazione, produzione e promozione in campo cineaudiovisivo, nel contesto dell\u2019internazionalizzazione.&nbsp;<\/p>\n\n\n\n<p class=\"wp-block-paragraph\">L\u2019attore <strong>Giacomo Ferrara<\/strong>, uno dei protagonisti della serie tv \u201cSuburra\u201d, la cui terza serie \u00e8 uscita da pochi giorni su Netflix, \u00e8 il padrino di quest\u2019edizione, che vedr\u00e0 20 studenti under 35, provenienti da dieci paesi diversi, formare una troupe che nella prima fase del progetto, al via da met\u00e0 novembre, sar\u00e0 impegnata nei&nbsp;lavori di sviluppo e pre-produzione cinematografica. <br>Dalle sceneggiature, gi\u00e0 selezionate nei mesi scorsi, si arriver\u00e0 alla creazione e allo sviluppo dei prodotti audiovisivi finali: un corto documentario, uno di fiction e&nbsp;degli spot. <br>I partecipanti saranno coinvolti&nbsp;in riunioni, workshop e momenti di formazione alla presenza di docenti ed esperti del settore. Nel programma  sono previste&nbsp;6 masterclass tematiche, fra cui<strong>&nbsp;<\/strong>quella del montatore&nbsp;<strong>Roberto Perpignani<\/strong>, che segue lo sviluppo di questo progetto sin dalla prima edizione.<\/p>\n\n\n\n<p class=\"wp-block-paragraph\">Questa prima fase si svolger\u00e0 online ma, questo non \u00e8 dovuto solo alla situazione contingente, ci tiene a specificare <strong>Adele Dell\u2019Erario<\/strong>, ideatrice e responsabile di Castello Errante:&nbsp;<\/p>\n\n\n\n<p class=\"wp-block-paragraph\">\u201cStiamo sviluppando una piattaforma ad uso esclusivo del progetto, che diventer\u00e0 poi una banca data e un luogo d\u2019incontro di tutti i partecipanti, passati, presenti e futuri.\u201d<\/p>\n\n\n\n<p class=\"wp-block-paragraph\">&nbsp;La manifestazione, il cui file rouge sar\u00e0<em> Il pensiero Magico<\/em>, si arricchisce quest\u2019anno anche del sostegno di <strong>Ibermedia<\/strong>,&nbsp;il fondo finanziario comune volto a rafforzare il sistema audiovisivo dei paesi sudamericani, Spagna, Portogallo e Italia negli ambiti di formazione, sviluppo e coproduzione. \u201cCastello Errante \u00e8 l\u2019unico progetto di formazione che abbiamo ed \u00e8 unico anche nella sua identit\u00e0 e organizzazione, che si sposano  perfettamente con gli obiettivi di Ibermedia\u201d ha sottolineato <strong>Elena Vilardell<\/strong>&nbsp;segretaria tecnica e esecutiva del  programma.<\/p>\n\n\n\n<p class=\"wp-block-paragraph\">Il momento della produzione e promozione appartengono alla seconda fase del percorso formativo, che si concluder\u00e0 con l\u2019esperienza sul campo&nbsp;nei mesi di febbraio e marzo 2021, quando Castello Errante sceglier\u00e0 un&nbsp;<strong>Borgo della Regione Lazio<\/strong>, che si differenzia per il suo patrimonio culturale e paesaggistico: sar\u00e0 il quartier generale dove la troupe lavorer\u00e0 e svilupper\u00e0 i propri prodotti cinematografici che avranno come motore la&nbsp;valorizzazione&nbsp;di tutti quegli aspetti che il territorio ospitante possiede, in termini architettonici, artistici, paesaggistici, storici e culturali.<\/p>\n\n\n\n<p class=\"wp-block-paragraph\">Castello Errante promuove in questo modo l\u2019immagine dell\u2019Italia all\u2019estero attraverso il mezzo cinematografico: i prodotti audiovisivi realizzati saranno presentati in festival ed eventi internazionali come ad esempio il&nbsp;<strong><em>Festival BOGOSHORT<\/em><\/strong>&nbsp;di Bogot\u00e0 e il&nbsp;<strong><em>Festival Internacional de Cina Icaro<\/em><\/strong>&nbsp;in Guatemala, ad esempio.<\/p>\n\n\n\n<p class=\"wp-block-paragraph\">L\u2019attenzione al territorio \u00e8 sinonimo anche di sostenibilit\u00e0 ambientale, una delle priorit\u00e0 di&nbsp;&nbsp;Castello Errante, che promuove l&#8217;utilizzo, all\u2019interno della residenza,  di&nbsp;materiali green ecosostenibili, sia durante le fasi di produzione che durante quelle di realizzazione dell\u2019intero evento.&nbsp;<\/p>\n\n\n\n<p class=\"wp-block-paragraph\"><strong>Castello Errante<\/strong>&nbsp;\u00e8 un\u2019iniziativa ideata da<strong>&nbsp;Adele Dell&#8217;Erario<\/strong>, organizzata dalla&nbsp;<strong>Occhi di Giove srl<\/strong>&nbsp;e realizzata in collaborazione con l&#8217;<strong>Istituto Italo LatinoAmericano-IILA<\/strong>, le&nbsp;<strong>Ambasciate di Argentina, Cile, Colombia, Costa Rica, Cuba, Guatemala, Honduras, Messico, Nicaragua, Panama, Repubblica Domenicana e Uruguay<\/strong>, nonch\u00e9 la&nbsp;<strong>Roma Lazio Film Commission<\/strong>&nbsp;e il&nbsp;<strong>Centro Sperimentale di Cinematografia di Roma<\/strong>. Il progetto \u00e8 sostenuto dal&nbsp;<strong>Ministero dei Beni e delle Attivit\u00e0 Culturali (MIBACT)<\/strong>,&nbsp;dalla&nbsp;<strong>Regione Lazio<\/strong>&nbsp;e dal&nbsp;<strong>Programa Ibermedia<\/strong>.<\/p>\n","protected":false},"excerpt":{"rendered":"<p>Inizier\u00e0 a met\u00e0 novembre online la 4 edizione di Castello Errante, la prima residenza internazionale di cinema che mette in relazione Italia con Centro e Sud America, sostenuta da MIBACT, Regione Lazio e Ibermedia<\/p>\n","protected":false},"author":2,"featured_media":128707,"comment_status":"closed","ping_status":"closed","sticky":false,"template":"","format":"standard","meta":{"googlesitekit_rrm_CAow3e7fCw:productID":"","_crdt_document":"","footnotes":""},"categories":[1691],"tags":[489,2337,224,488],"class_list":{"0":"post-127868","1":"post","2":"type-post","3":"status-publish","4":"format-standard","5":"has-post-thumbnail","7":"category-learning","8":"tag-ibermedia","9":"tag-learning","10":"tag-mibact","11":"tag-roma-lazio-film-commission"},"yoast_head":"<!-- This site is optimized with the Yoast SEO Premium plugin v27.4 (Yoast SEO v27.5) - https:\/\/yoast.com\/product\/yoast-seo-premium-wordpress\/ -->\n<title>LAZIO Al via Castello Errante sostenuto da Ibermedia - Cinema &amp; Video International<\/title>\n<meta name=\"description\" content=\"LAZIO Al via Castello Errante sostenuto da Ibermedia \u2013 lazio al via castello errante sostenuto. Inizier\u00e0 a met\u00e0 novembre online la 4 edizione di Castello\" \/>\n<meta name=\"robots\" content=\"index, follow, max-snippet:-1, max-image-preview:large, max-video-preview:-1\" \/>\n<link rel=\"canonical\" href=\"https:\/\/cinema.video\/it\/lazio-al-via-castello-errante-sostenuto-da-ibermedia\" \/>\n<meta property=\"og:locale\" content=\"it_IT\" \/>\n<meta property=\"og:type\" content=\"article\" \/>\n<meta property=\"og:title\" content=\"LAZIO Al via Castello Errante sostenuto da Ibermedia\" \/>\n<meta property=\"og:description\" content=\"LAZIO Al via Castello Errante sostenuto da Ibermedia \u2013 lazio al via castello errante sostenuto. Inizier\u00e0 a met\u00e0 novembre online la 4 edizione di Castello\" \/>\n<meta property=\"og:url\" content=\"https:\/\/cinema.video\/it\/lazio-al-via-castello-errante-sostenuto-da-ibermedia\" \/>\n<meta property=\"og:site_name\" content=\"Cinema &amp; Video International\" \/>\n<meta property=\"article:publisher\" content=\"https:\/\/www.facebook.com\/CinemaVideoInternational\/\" \/>\n<meta property=\"article:published_time\" content=\"2020-11-10T07:53:45+00:00\" \/>\n<meta property=\"article:modified_time\" content=\"2026-04-10T01:50:52+00:00\" \/>\n<meta property=\"og:image\" content=\"https:\/\/cinema.video\/wp-content\/uploads\/2020\/11\/Schermata-2020-11-09-alle-17.53.11.png\" \/>\n\t<meta property=\"og:image:width\" content=\"1440\" \/>\n\t<meta property=\"og:image:height\" content=\"900\" \/>\n\t<meta property=\"og:image:type\" content=\"image\/png\" \/>\n<meta name=\"author\" content=\"Carolina Mancini\" \/>\n<meta name=\"twitter:card\" content=\"summary_large_image\" \/>\n<meta name=\"twitter:label1\" content=\"Scritto da\" \/>\n\t<meta name=\"twitter:data1\" content=\"Carolina Mancini\" \/>\n\t<meta name=\"twitter:label2\" content=\"Tempo di lettura stimato\" \/>\n\t<meta name=\"twitter:data2\" content=\"3 minuti\" \/>\n<script type=\"application\/ld+json\" class=\"yoast-schema-graph\">{\"@context\":\"https:\\\/\\\/schema.org\",\"@graph\":[{\"@type\":\"Article\",\"@id\":\"https:\\\/\\\/cinema.video\\\/it\\\/lazio-al-via-castello-errante-sostenuto-da-ibermedia#article\",\"isPartOf\":{\"@id\":\"https:\\\/\\\/cinema.video\\\/it\\\/lazio-al-via-castello-errante-sostenuto-da-ibermedia\"},\"author\":{\"name\":\"Carolina Mancini\",\"@id\":\"https:\\\/\\\/cinema.video\\\/it#\\\/schema\\\/person\\\/d5479fad8d0f2360000eb4aab6bb6e5d\"},\"headline\":\"LAZIO Al via Castello Errante sostenuto da Ibermedia\",\"datePublished\":\"2020-11-10T07:53:45+00:00\",\"dateModified\":\"2026-04-10T01:50:52+00:00\",\"mainEntityOfPage\":{\"@id\":\"https:\\\/\\\/cinema.video\\\/it\\\/lazio-al-via-castello-errante-sostenuto-da-ibermedia\"},\"wordCount\":589,\"publisher\":{\"@id\":\"https:\\\/\\\/cinema.video\\\/it#organization\"},\"image\":{\"@id\":\"https:\\\/\\\/cinema.video\\\/it\\\/lazio-al-via-castello-errante-sostenuto-da-ibermedia#primaryimage\"},\"thumbnailUrl\":\"https:\\\/\\\/cinema.video\\\/wp-content\\\/uploads\\\/2020\\\/11\\\/Schermata-2020-11-09-alle-17.53.11.png\",\"keywords\":[\"Ibermedia\",\"LEARNING\",\"MiBACT\",\"Roma Lazio Film Commission\"],\"articleSection\":[\"LEARNING\"],\"inLanguage\":\"it-IT\"},{\"@type\":\"WebPage\",\"@id\":\"https:\\\/\\\/cinema.video\\\/it\\\/lazio-al-via-castello-errante-sostenuto-da-ibermedia\",\"url\":\"https:\\\/\\\/cinema.video\\\/it\\\/lazio-al-via-castello-errante-sostenuto-da-ibermedia\",\"name\":\"LAZIO Al via Castello Errante sostenuto da Ibermedia - Cinema &amp; Video International\",\"isPartOf\":{\"@id\":\"https:\\\/\\\/cinema.video\\\/it#website\"},\"primaryImageOfPage\":{\"@id\":\"https:\\\/\\\/cinema.video\\\/it\\\/lazio-al-via-castello-errante-sostenuto-da-ibermedia#primaryimage\"},\"image\":{\"@id\":\"https:\\\/\\\/cinema.video\\\/it\\\/lazio-al-via-castello-errante-sostenuto-da-ibermedia#primaryimage\"},\"thumbnailUrl\":\"https:\\\/\\\/cinema.video\\\/wp-content\\\/uploads\\\/2020\\\/11\\\/Schermata-2020-11-09-alle-17.53.11.png\",\"datePublished\":\"2020-11-10T07:53:45+00:00\",\"dateModified\":\"2026-04-10T01:50:52+00:00\",\"description\":\"LAZIO Al via Castello Errante sostenuto da Ibermedia \u2013 lazio al via castello errante sostenuto. Inizier\u00e0 a met\u00e0 novembre online la 4 edizione di Castello\",\"breadcrumb\":{\"@id\":\"https:\\\/\\\/cinema.video\\\/it\\\/lazio-al-via-castello-errante-sostenuto-da-ibermedia#breadcrumb\"},\"inLanguage\":\"it-IT\",\"potentialAction\":[{\"@type\":\"ReadAction\",\"target\":[\"https:\\\/\\\/cinema.video\\\/it\\\/lazio-al-via-castello-errante-sostenuto-da-ibermedia\"]}]},{\"@type\":\"ImageObject\",\"inLanguage\":\"it-IT\",\"@id\":\"https:\\\/\\\/cinema.video\\\/it\\\/lazio-al-via-castello-errante-sostenuto-da-ibermedia#primaryimage\",\"url\":\"https:\\\/\\\/cinema.video\\\/wp-content\\\/uploads\\\/2020\\\/11\\\/Schermata-2020-11-09-alle-17.53.11.png\",\"contentUrl\":\"https:\\\/\\\/cinema.video\\\/wp-content\\\/uploads\\\/2020\\\/11\\\/Schermata-2020-11-09-alle-17.53.11.png\",\"width\":1440,\"height\":900},{\"@type\":\"BreadcrumbList\",\"@id\":\"https:\\\/\\\/cinema.video\\\/it\\\/lazio-al-via-castello-errante-sostenuto-da-ibermedia#breadcrumb\",\"itemListElement\":[{\"@type\":\"ListItem\",\"position\":1,\"name\":\"Home\",\"item\":\"https:\\\/\\\/cinema.video\\\/it\\\/home-2\"},{\"@type\":\"ListItem\",\"position\":2,\"name\":\"LAZIO Al via Castello Errante sostenuto da Ibermedia\"}]},{\"@type\":\"WebSite\",\"@id\":\"https:\\\/\\\/cinema.video\\\/it#website\",\"url\":\"https:\\\/\\\/cinema.video\\\/it\",\"name\":\"Cinema & Video International\",\"description\":\"Film &amp; Audiovisual Industry Trade Magazine\",\"publisher\":{\"@id\":\"https:\\\/\\\/cinema.video\\\/it#organization\"},\"alternateName\":\"Cinema & Video\",\"potentialAction\":[{\"@type\":\"SearchAction\",\"target\":{\"@type\":\"EntryPoint\",\"urlTemplate\":\"https:\\\/\\\/cinema.video\\\/it?s={search_term_string}\"},\"query-input\":{\"@type\":\"PropertyValueSpecification\",\"valueRequired\":true,\"valueName\":\"search_term_string\"}}],\"inLanguage\":\"it-IT\"},{\"@type\":\"Organization\",\"@id\":\"https:\\\/\\\/cinema.video\\\/it#organization\",\"name\":\"Cinema & Video\",\"url\":\"https:\\\/\\\/cinema.video\\\/it\",\"logo\":{\"@type\":\"ImageObject\",\"inLanguage\":\"it-IT\",\"@id\":\"https:\\\/\\\/cinema.video\\\/it#\\\/schema\\\/logo\\\/image\\\/\",\"url\":\"https:\\\/\\\/cinema.video\\\/wp-content\\\/uploads\\\/2026\\\/04\\\/CinemVideo_LogoBlack.png\",\"contentUrl\":\"https:\\\/\\\/cinema.video\\\/wp-content\\\/uploads\\\/2026\\\/04\\\/CinemVideo_LogoBlack.png\",\"width\":1336,\"height\":224,\"caption\":\"Cinema & Video\"},\"image\":{\"@id\":\"https:\\\/\\\/cinema.video\\\/it#\\\/schema\\\/logo\\\/image\\\/\"},\"sameAs\":[\"https:\\\/\\\/www.facebook.com\\\/CinemaVideoInternational\\\/\",\"https:\\\/\\\/www.instagram.com\\\/cinemaevideointernational\\\/\",\"https:\\\/\\\/it.linkedin.com\\\/company\\\/cinema-video-international\"],\"description\":\"Media Consulting & Marketing Agency\",\"email\":\"hello@darostudio.com\",\"legalName\":\"DARO studio LLC\",\"foundingDate\":\"2021-02-16\",\"numberOfEmployees\":{\"@type\":\"QuantitativeValue\",\"minValue\":\"1\",\"maxValue\":\"10\"}},{\"@type\":\"Person\",\"@id\":\"https:\\\/\\\/cinema.video\\\/it#\\\/schema\\\/person\\\/d5479fad8d0f2360000eb4aab6bb6e5d\",\"name\":\"Carolina Mancini\",\"image\":{\"@type\":\"ImageObject\",\"inLanguage\":\"it-IT\",\"@id\":\"https:\\\/\\\/secure.gravatar.com\\\/avatar\\\/d4758965c5e8730dbaaa7131a628547771a26c1e5bf14fe323d96f8246a62baf?s=96&d=mm&r=g\",\"url\":\"https:\\\/\\\/secure.gravatar.com\\\/avatar\\\/d4758965c5e8730dbaaa7131a628547771a26c1e5bf14fe323d96f8246a62baf?s=96&d=mm&r=g\",\"contentUrl\":\"https:\\\/\\\/secure.gravatar.com\\\/avatar\\\/d4758965c5e8730dbaaa7131a628547771a26c1e5bf14fe323d96f8246a62baf?s=96&d=mm&r=g\",\"caption\":\"Carolina Mancini\"},\"url\":\"https:\\\/\\\/cinema.video\\\/it\\\/author\\\/carolin\"}]}<\/script>\n<!-- \/ Yoast SEO Premium plugin. -->","yoast_head_json":{"title":"LAZIO Al via Castello Errante sostenuto da Ibermedia - Cinema &amp; Video International","description":"LAZIO Al via Castello Errante sostenuto da Ibermedia \u2013 lazio al via castello errante sostenuto. Inizier\u00e0 a met\u00e0 novembre online la 4 edizione di Castello","robots":{"index":"index","follow":"follow","max-snippet":"max-snippet:-1","max-image-preview":"max-image-preview:large","max-video-preview":"max-video-preview:-1"},"canonical":"https:\/\/cinema.video\/it\/lazio-al-via-castello-errante-sostenuto-da-ibermedia","og_locale":"it_IT","og_type":"article","og_title":"LAZIO Al via Castello Errante sostenuto da Ibermedia","og_description":"LAZIO Al via Castello Errante sostenuto da Ibermedia \u2013 lazio al via castello errante sostenuto. Inizier\u00e0 a met\u00e0 novembre online la 4 edizione di Castello","og_url":"https:\/\/cinema.video\/it\/lazio-al-via-castello-errante-sostenuto-da-ibermedia","og_site_name":"Cinema &amp; Video International","article_publisher":"https:\/\/www.facebook.com\/CinemaVideoInternational\/","article_published_time":"2020-11-10T07:53:45+00:00","article_modified_time":"2026-04-10T01:50:52+00:00","og_image":[{"width":1440,"height":900,"url":"https:\/\/cinema.video\/wp-content\/uploads\/2020\/11\/Schermata-2020-11-09-alle-17.53.11.png","type":"image\/png"}],"author":"Carolina Mancini","twitter_card":"summary_large_image","twitter_misc":{"Scritto da":"Carolina Mancini","Tempo di lettura stimato":"3 minuti"},"schema":{"@context":"https:\/\/schema.org","@graph":[{"@type":"Article","@id":"https:\/\/cinema.video\/it\/lazio-al-via-castello-errante-sostenuto-da-ibermedia#article","isPartOf":{"@id":"https:\/\/cinema.video\/it\/lazio-al-via-castello-errante-sostenuto-da-ibermedia"},"author":{"name":"Carolina Mancini","@id":"https:\/\/cinema.video\/it#\/schema\/person\/d5479fad8d0f2360000eb4aab6bb6e5d"},"headline":"LAZIO Al via Castello Errante sostenuto da Ibermedia","datePublished":"2020-11-10T07:53:45+00:00","dateModified":"2026-04-10T01:50:52+00:00","mainEntityOfPage":{"@id":"https:\/\/cinema.video\/it\/lazio-al-via-castello-errante-sostenuto-da-ibermedia"},"wordCount":589,"publisher":{"@id":"https:\/\/cinema.video\/it#organization"},"image":{"@id":"https:\/\/cinema.video\/it\/lazio-al-via-castello-errante-sostenuto-da-ibermedia#primaryimage"},"thumbnailUrl":"https:\/\/cinema.video\/wp-content\/uploads\/2020\/11\/Schermata-2020-11-09-alle-17.53.11.png","keywords":["Ibermedia","LEARNING","MiBACT","Roma Lazio Film Commission"],"articleSection":["LEARNING"],"inLanguage":"it-IT"},{"@type":"WebPage","@id":"https:\/\/cinema.video\/it\/lazio-al-via-castello-errante-sostenuto-da-ibermedia","url":"https:\/\/cinema.video\/it\/lazio-al-via-castello-errante-sostenuto-da-ibermedia","name":"LAZIO Al via Castello Errante sostenuto da Ibermedia - Cinema &amp; Video International","isPartOf":{"@id":"https:\/\/cinema.video\/it#website"},"primaryImageOfPage":{"@id":"https:\/\/cinema.video\/it\/lazio-al-via-castello-errante-sostenuto-da-ibermedia#primaryimage"},"image":{"@id":"https:\/\/cinema.video\/it\/lazio-al-via-castello-errante-sostenuto-da-ibermedia#primaryimage"},"thumbnailUrl":"https:\/\/cinema.video\/wp-content\/uploads\/2020\/11\/Schermata-2020-11-09-alle-17.53.11.png","datePublished":"2020-11-10T07:53:45+00:00","dateModified":"2026-04-10T01:50:52+00:00","description":"LAZIO Al via Castello Errante sostenuto da Ibermedia \u2013 lazio al via castello errante sostenuto. Inizier\u00e0 a met\u00e0 novembre online la 4 edizione di Castello","breadcrumb":{"@id":"https:\/\/cinema.video\/it\/lazio-al-via-castello-errante-sostenuto-da-ibermedia#breadcrumb"},"inLanguage":"it-IT","potentialAction":[{"@type":"ReadAction","target":["https:\/\/cinema.video\/it\/lazio-al-via-castello-errante-sostenuto-da-ibermedia"]}]},{"@type":"ImageObject","inLanguage":"it-IT","@id":"https:\/\/cinema.video\/it\/lazio-al-via-castello-errante-sostenuto-da-ibermedia#primaryimage","url":"https:\/\/cinema.video\/wp-content\/uploads\/2020\/11\/Schermata-2020-11-09-alle-17.53.11.png","contentUrl":"https:\/\/cinema.video\/wp-content\/uploads\/2020\/11\/Schermata-2020-11-09-alle-17.53.11.png","width":1440,"height":900},{"@type":"BreadcrumbList","@id":"https:\/\/cinema.video\/it\/lazio-al-via-castello-errante-sostenuto-da-ibermedia#breadcrumb","itemListElement":[{"@type":"ListItem","position":1,"name":"Home","item":"https:\/\/cinema.video\/it\/home-2"},{"@type":"ListItem","position":2,"name":"LAZIO Al via Castello Errante sostenuto da Ibermedia"}]},{"@type":"WebSite","@id":"https:\/\/cinema.video\/it#website","url":"https:\/\/cinema.video\/it","name":"Cinema & Video International","description":"Film &amp; Audiovisual Industry Trade Magazine","publisher":{"@id":"https:\/\/cinema.video\/it#organization"},"alternateName":"Cinema & Video","potentialAction":[{"@type":"SearchAction","target":{"@type":"EntryPoint","urlTemplate":"https:\/\/cinema.video\/it?s={search_term_string}"},"query-input":{"@type":"PropertyValueSpecification","valueRequired":true,"valueName":"search_term_string"}}],"inLanguage":"it-IT"},{"@type":"Organization","@id":"https:\/\/cinema.video\/it#organization","name":"Cinema & Video","url":"https:\/\/cinema.video\/it","logo":{"@type":"ImageObject","inLanguage":"it-IT","@id":"https:\/\/cinema.video\/it#\/schema\/logo\/image\/","url":"https:\/\/cinema.video\/wp-content\/uploads\/2026\/04\/CinemVideo_LogoBlack.png","contentUrl":"https:\/\/cinema.video\/wp-content\/uploads\/2026\/04\/CinemVideo_LogoBlack.png","width":1336,"height":224,"caption":"Cinema & Video"},"image":{"@id":"https:\/\/cinema.video\/it#\/schema\/logo\/image\/"},"sameAs":["https:\/\/www.facebook.com\/CinemaVideoInternational\/","https:\/\/www.instagram.com\/cinemaevideointernational\/","https:\/\/it.linkedin.com\/company\/cinema-video-international"],"description":"Media Consulting & Marketing Agency","email":"hello@darostudio.com","legalName":"DARO studio LLC","foundingDate":"2021-02-16","numberOfEmployees":{"@type":"QuantitativeValue","minValue":"1","maxValue":"10"}},{"@type":"Person","@id":"https:\/\/cinema.video\/it#\/schema\/person\/d5479fad8d0f2360000eb4aab6bb6e5d","name":"Carolina Mancini","image":{"@type":"ImageObject","inLanguage":"it-IT","@id":"https:\/\/secure.gravatar.com\/avatar\/d4758965c5e8730dbaaa7131a628547771a26c1e5bf14fe323d96f8246a62baf?s=96&d=mm&r=g","url":"https:\/\/secure.gravatar.com\/avatar\/d4758965c5e8730dbaaa7131a628547771a26c1e5bf14fe323d96f8246a62baf?s=96&d=mm&r=g","contentUrl":"https:\/\/secure.gravatar.com\/avatar\/d4758965c5e8730dbaaa7131a628547771a26c1e5bf14fe323d96f8246a62baf?s=96&d=mm&r=g","caption":"Carolina Mancini"},"url":"https:\/\/cinema.video\/it\/author\/carolin"}]}},"jetpack_featured_media_url":"https:\/\/cinema.video\/wp-content\/uploads\/2020\/11\/Schermata-2020-11-09-alle-17.53.11.png","jetpack_shortlink":"https:\/\/wp.me\/ph672m-xgo","_links":{"self":[{"href":"https:\/\/cinema.video\/it\/wp-json\/wp\/v2\/posts\/127868","targetHints":{"allow":["GET"]}}],"collection":[{"href":"https:\/\/cinema.video\/it\/wp-json\/wp\/v2\/posts"}],"about":[{"href":"https:\/\/cinema.video\/it\/wp-json\/wp\/v2\/types\/post"}],"author":[{"embeddable":true,"href":"https:\/\/cinema.video\/it\/wp-json\/wp\/v2\/users\/2"}],"replies":[{"embeddable":true,"href":"https:\/\/cinema.video\/it\/wp-json\/wp\/v2\/comments?post=127868"}],"version-history":[{"count":2,"href":"https:\/\/cinema.video\/it\/wp-json\/wp\/v2\/posts\/127868\/revisions"}],"predecessor-version":[{"id":307984,"href":"https:\/\/cinema.video\/it\/wp-json\/wp\/v2\/posts\/127868\/revisions\/307984"}],"wp:featuredmedia":[{"embeddable":true,"href":"https:\/\/cinema.video\/it\/wp-json\/wp\/v2\/media\/128707"}],"wp:attachment":[{"href":"https:\/\/cinema.video\/it\/wp-json\/wp\/v2\/media?parent=127868"}],"wp:term":[{"taxonomy":"category","embeddable":true,"href":"https:\/\/cinema.video\/it\/wp-json\/wp\/v2\/categories?post=127868"},{"taxonomy":"post_tag","embeddable":true,"href":"https:\/\/cinema.video\/it\/wp-json\/wp\/v2\/tags?post=127868"}],"curies":[{"name":"wp","href":"https:\/\/api.w.org\/{rel}","templated":true}]}}